{"id":4851,"date":"2021-05-25T08:46:41","date_gmt":"2021-05-25T06:46:41","guid":{"rendered":"https:\/\/nnm-brandenburg.de\/nnm\/?p=4851"},"modified":"2021-09-15T09:48:19","modified_gmt":"2021-09-15T07:48:19","slug":"2-muehlenbecker-klanglandschaften","status":"publish","type":"post","link":"https:\/\/nnm-brandenburg.de\/index.php\/2021\/05\/25\/2-muehlenbecker-klanglandschaften\/","title":{"rendered":"2. M\u00fchlenbecker Klanglandschaften"},"content":{"rendered":"\n<p class=\"has-text-align-left has-normal-font-size\"><strong><strong>12.\u200a06.\u200a2021 bis 19.\u200a06.\u200a2021<\/strong><\/strong><\/p>\n\n\n\n<!--more-->\n\n\n\n<div style=\"height:9px\" aria-hidden=\"true\" class=\"wp-block-spacer\"><\/div>\n\n\n\n<h2 class=\"has-text-align-left wp-block-heading\"><strong>2. M\u00fchlenbecker Klanglandschaften <sup>en miniature<\/sup><\/strong><\/h2>\n\n\n\n<p>Pro\u00adgramm<br><strong>12.6.\u201319.6. M\u00fch\u00adlen\u00adbeck, Dorf\u00adkir\u00adche<\/strong><br>DEN HIMMEL UND DIE ERDE H\u00d6REN<br>Vol\u00adker Staub: Klang\u00adin\u00adstal\u00adla\u00adti\u00adon \u201cWit\u00adte\u00adrungs\u00adin\u00adstru\u00admen\u00adte\u201d (insi\u00adde)<br>And\u00adre Bar\u00adtetz\u00adki, Kl\u00e4n\u00adge\u00admat\u00adten \u201cRaum\u00adschiff Erde\u201d (out\u00adside)<br>12.\u201319.6. ge\u00f6ff\u00adnet t\u00e4g\u00adlich 14 \u2013 18&nbsp;Uhr<br><\/p>\n\n\n\n<p><strong>12.6. <\/strong>| 15 Uhr Er\u00f6ff\u00adnung Klang\u00adin\u00adstal\u00adla\u00adtio\u00adnen<br>Gise\u00adla Nauck im Gespr\u00e4ch mit Vol\u00adker Staub und And\u00adre Bartetzki<\/p>\n\n\n\n<hr class=\"wp-block-separator\">\n\n\n\n<p><strong>18.6. M\u00fch\u00adlen\u00adbeck, Dorf\u00adkir\u00adche<\/strong><br>18 Uhr KLANGGOTTESDIENST mit Pfar\u00adrer Bern\u00adhard Has\u00adse + Orga\u00adnist Kon\u00adrad Wink\u00adler<br>19 Uhr Vol\u00adker Staub, Solo\u00adkon\u00adzert ZERST\u00dcCKELUNG DES REGENBOGENS f\u00fcr expe\u00adri\u00admen\u00adtel\u00adle<br>Instru\u00admen\u00adte und kon\u00adti\u00adnu\u00adier\u00adli\u00adche Klang\u00adr\u00e4u\u00adme:<br>\u201eWei\u00adche Ges\u00e4n\u00adge\u201c Nr. 26 Teil I fu\u0308r Stahl\u00adsai\u00adte \u2013 \u201e12 Volt und Atem\u201c fu\u0308r 2 Motor\u00adsi\u00adre\u00adnen, Mund\u00adsi\u00adre\u00adne und Becken \u2013 \u201eWei\u00adche Ges\u00e4n\u00adge\u201c Nr. 26 Teil V fu\u0308r Stahl\u00adsai\u00adte \u2013 \u201eErin\u00adne\u00adrung \/ Stu\u00addi\u00aden\u201c fu\u0308r 12 klin\u00adgen\u00adde Gra\u00adnit-Bohr\u00adker\u00adne \u2013 \u201eWei\u00adche Ges\u00e4n\u00adge\u201c Nr. 26 Teil III fu\u0308r Stahlsaite<br><\/p>\n\n\n\n<hr class=\"wp-block-separator\">\n\n\n\n<p><strong>19.6. M\u00fch\u00adlen\u00adbeck + Summ\u00adter See<\/strong><br>14.00 Uhr <strong>Dorf\u00adkir\u00adche<\/strong><br>ER\u00d6FFNUNG B\u00fcr\u00adger\u00admeis\u00adter und Schirm\u00adherr Filip\u00adpo Smal\u00addi\u00adno und Organisationsteam<br><\/p>\n\n\n\n<p>14.15 Uhr Dorf\u00adkir\u00adche (Coro\u00adna-Kon\u00adzert aus live-Spiel, Video\u00adzu\u00adspiel und strea\u00adming)<br>KONZERT F\u00dcR BAUMST\u00c4MME, STEINE UND DIE GES\u00c4NGE DER GIBBONS<br><strong>Vol\u00adker Staub<\/strong>, Nord\u00adost f\u00fcr Posau\u00adne und 5 Trom\u00admeln<br><strong>Jon\u00adny Axels\u00adson<\/strong>, Incan\u00adte\u00ads\u00adi\u00admi (Zau\u00adber) f\u00fcr Posau\u00adne und Schlag\u00adin\u00adstru\u00admen\u00adte<br><strong>Ivo Nils\u00adson<\/strong>, End\u00adan\u00adge\u00adred Spe\u00adci\u00ades Trust \u2014 Impro\u00advi\u00adsa\u00adti\u00adon zum Gesang der Gib\u00adbons f\u00fcr Posau\u00adne, Stahl\u00adsai\u00adte, sin\u00adgen\u00adde S\u00e4ge und Flex\u00ada\u00adton (Video + live)<br><strong>Chris\u00adti\u00adan Wolff<\/strong>, Stones aus Pro\u00adse Coll\u00adec\u00adtion f\u00fcr diver\u00adse Stei\u00adne in einer Ver\u00adsi\u00adon f\u00fcr 4 Spie\u00adler (Video +&nbsp;live)<\/p>\n\n\n\n<p><strong>Vol\u00adker Staub<\/strong> (simul\u00adta\u00adnes Auf\u00adf\u00fch\u00adrungs\u00adkon\u00adzept von Ale\u00adjan\u00addro Sar\u00adre\u00adgui), Nr. 19, Teil VII f\u00fcr zwei Baum\u00adst\u00e4m\u00adme; in play with f\u00fcr Stahl\u00adsai\u00adte; Nr. 29, Teil 1 f\u00fcr 9 Glasglocken<br><\/p>\n\n\n\n<p>als Video\u00admit\u00adschnitt und live aus Stock\u00adholm<br>Ivo Nils\u00adson, Posau\u00adne<br>Jon\u00adny Axels\u00adson, Schlag\u00adin\u00adstru\u00admen\u00adte<br>live in M\u00fch\u00adlen\u00adbeck<br>Vol\u00adker Staub, Stahl\u00adsai\u00adte<br>Ale\u00adjan\u00addro Sar\u00adre\u00adgui, Schlaginstrumente<br><\/p>\n\n\n\n<p>15.15 Uhr <strong>Wege in die Fel\u00adder hin\u00adein<\/strong><br>WIE KLINGEN UNSERE FELDER?<br><strong>Peter Ablin\u00adger<\/strong> WEISS \/ WEISSLICH 36, Kopf\u00adh\u00f6\u00adrer: geschlos\u00adse\u00adner Kopf\u00adh\u00f6\u00adrer, auf\u00admon\u00adtier\u00adte Mikro\u00adpho\u00adne = \u201eH\u00f6r\u00adlu\u00adpen\u201c<br>Dem lau\u00adschend gewahr wer\u00adden, was im All\u00adtags\u00adl\u00e4rm all\u00adzu leicht unter\u00adgeht. Und wo ist das Insek\u00adten\u00adge\u00adsumm geblieben?<br><\/p>\n\n\n\n<p>16.15 Uhr<strong> Vor\u00adtrag in der Dorf\u00adkir\u00adche<\/strong><br><strong>Prof. Kas\u00adpar Bie\u00adne\u00adfeld<\/strong>: Von Sechs\u00adf\u00fc\u00df\u00adlern, Bie\u00adnen und ande\u00adrem Getier in Zei\u00adten des Kli\u00adma\u00adwan\u00addels (Intern. Bie\u00adnen\u00adin\u00adsti\u00adtut Hohen Neuendorf)<br><\/p>\n\n\n\n<p>17.15 Uhr Kaf\u00adfee &amp; Kuchen im Gar\u00adten des Pfarrhauses<br><\/p>\n\n\n\n<p>19.00 Uhr <strong>H\u00f6r\u00adspa\u00adzier\u00adgang am Summ\u00adter See<\/strong><br>DURCH NATURKL\u00c4NGE DIESE NEU ERLEBEN<br><strong>Enri\u00adco Stol\u00adzen\u00adburg<\/strong>, Summt! (UA, Auf\u00adtrags\u00adwerk der Gemein\u00adde M\u00fch\u00adlen\u00adbe\u00adcker Land),<br>ein Klang\u00adpar\u00adcours am See f\u00fcr eine gro\u00ad\u00dfe Zahl an Laut\u00adspre\u00adchern in Bewe\u00adgung<br>Treff\u00adpunkt: Park\u00adplatz Friedwald<br><\/p>\n\n\n\n<p>20.00 Uhr <strong>Abschluss\u00adkon\u00adzert Summ\u00adter See, Wie\u00adse n\u00f6rd\u00adli\u00adche Bad\u00adstel\u00adle<\/strong><br>aus\u00adFLUG \u2013 MIT DEM SEE LAUSCHEN \u2026<br>\u2026 in den Son\u00adnen\u00adun\u00adter\u00adgang hin\u00adein<br>Com\u00adpro\u00advi\u00adsa\u00adti\u00adon im Dia\u00adlog mit V\u00f6geln, Enten, Bless\u00adh\u00fch\u00adnern und Wal\u00addes\u00adrau\u00adschen<br>mit Ute Was\u00adser\u00admann (Stimm\u00adper\u00adfor\u00admance, Vogel\u00adpfei\u00adfen, Klang\u00adob\u00adjek\u00adte u.a.), Sabi\u00adne Vogel (Fl\u00f6\u00adten, Klan\u00adgo\u00adjek\u00adte) und Mazen Ker\u00adbaj (Trom\u00adpe\u00adte)<br><\/p>\n\n\n\n<p>21.00 Uhr Gem\u00fct\u00adli\u00adches Bei\u00adsam\u00admen\u00adsein von K\u00fcnst\u00adlern und Publi\u00adkum am See<br>Bit\u00adte brin\u00adgen Sie sich Decken, Pick\u00adnick usw. selbst mit, coro\u00adnabe\u00addingt ist eine Cate\u00adring-Pla\u00adnung nicht m\u00f6g\u00adlich<br>Schirm\u00adherr: B\u00fcr\u00adger\u00admeis\u00adter der Gemein\u00adde M\u00fch\u00adlen\u00adbe\u00adcker Land, Filip\u00adpo Smaldino<br><\/p>\n\n\n\n<hr class=\"wp-block-separator\">\n\n\n\n<p><strong>Fes\u00adti\u00adval\u00adteam:<\/strong><br>Pro\u00adjekt\u00adent\u00adwick\u00adlung und k\u00fcnst\u00adle\u00adri\u00adsche Lei\u00adtung: Dr. Gise\u00adla Nauck, Uli Aum\u00fcl\u00adler; Pro\u00adduk\u00adti\u00adons\u00adlei\u00adtung: Elke Molt\u00adrecht, Gesch\u00e4fts\u00adf\u00fch\u00adrung: Dag Loh\u00adde; Pres\u00adse\u00adar\u00adbeit: k3 ber\u00adlin. Kon\u00adtor f\u00fcr Kul\u00adtur und Kommunikation<br><\/p>\n\n\n\n<p><strong>Tickets:<\/strong><br>Ein\u00adzel\u00adkon\u00adzert: 10 \u20ac, erm\u00e4\u00ad\u00dfigt 7 \u20ac<br>18.6. Solo\u00adper\u00adfor\u00admance V. Staub 5 \u20ac, erm\u00e4\u00ad\u00dfigt 3 \u20ac<br>19.6. Par\u00adcours + Kon\u00adzert 15 \u20ac, ein\u00adzeln je 10 \u20ac<br>Fes\u00adti\u00adval\u00adpass: 25 \u20ac, erm\u00e4\u00ad\u00dfigt 20 \u20ac<br>Erm\u00e4\u00ad\u00dfi\u00adgung f\u00fcr Sch\u00fc\u00adler, Stu\u00adden\u00adten, Arbeitslose<br><\/p>\n\n\n\n<p>Um Reser\u00advie\u00adrung wird gebe\u00adten: info@klanglandschaften.eu<br>Wei\u00adte\u00adre Infor\u00adma\u00adtio\u00adnen &amp; Tickets unter:&nbsp;<a href=\"https:\/\/www.klanglandschaften.eu\/seite\/435884\/service.html\" target=\"_blank\" rel=\"noreferrer noopener\">Klang\u00adland\u00adschaf\u00adten<\/a><\/p>\n\n\n\n<p>Es gel\u00adten die Corona-Hygienebestimmungen<br><\/p>\n\n\n\n<hr class=\"wp-block-separator\">\n\n\n\n<p>Adres\u00adsen der Ver\u00adan\u00adstal\u00adtungs\u00ador\u00adte<br>Dorf\u00adkir\u00adche M\u00fch\u00adlen\u00adbeck: 16567 M\u00fch\u00adlen\u00adbeck, Bir\u00adken\u00adwer\u00adder Str. 4<br>Summ\u00adter See, Park\u00adplatz Fried\u00adwald, 16567 M\u00fch\u00adlen\u00adbeck, Lie\u00adben\u00adwal\u00adder Stra\u00ad\u00dfe am Ortsausgang<\/p>\n\n\n\n<p>Foto \u00a9 Gise\u00adla&nbsp;Nauck<\/p>\n\n\n\n<div style=\"height:150px\" aria-hidden=\"true\" class=\"wp-block-spacer\"><\/div>\n","protected":false},"excerpt":{"rendered":"<p>12.\u200a06.\u200a2021 bis 19.\u200a06.\u200a2021<\/p>\n","protected":false},"author":1,"featured_media":4990,"comment_status":"closed","ping_status":"closed","sticky":false,"template":"","format":"standard","meta":{"wp_typography_post_enhancements_disabled":false,"footnotes":""},"categories":[6],"tags":[],"class_list":["post-4851","post","type-post","status-publish","format-standard","has-post-thumbnail","hentry","category-slider"],"yoast_head":"<!-- This site is optimized with the Yoast SEO plugin v27.5 - https:\/\/yoast.com\/product\/yoast-seo-wordpress\/ -->\n<title>2. M\u00fchlenbecker Klanglandschaften - netzwerk neue musik brandenburg<\/title>\n<meta name=\"robots\" content=\"index, follow, max-snippet:-1, max-image-preview:large, max-video-preview:-1\" \/>\n<link rel=\"canonical\" href=\"https:\/\/nnm-brandenburg.de\/index.php\/2021\/05\/25\/2-muehlenbecker-klanglandschaften\/\" \/>\n<meta property=\"og:locale\" content=\"de_DE\" \/>\n<meta property=\"og:type\" content=\"article\" \/>\n<meta property=\"og:title\" content=\"2. M\u00fchlenbecker Klanglandschaften - netzwerk neue musik brandenburg\" \/>\n<meta property=\"og:description\" content=\"12.\u200a06.\u200a2021 bis 19.\u200a06.\u200a2021\" \/>\n<meta property=\"og:url\" content=\"https:\/\/nnm-brandenburg.de\/index.php\/2021\/05\/25\/2-muehlenbecker-klanglandschaften\/\" \/>\n<meta property=\"og:site_name\" content=\"netzwerk neue musik brandenburg\" \/>\n<meta property=\"article:published_time\" content=\"2021-05-25T06:46:41+00:00\" \/>\n<meta property=\"article:modified_time\" content=\"2021-09-15T07:48:19+00:00\" \/>\n<meta property=\"og:image\" content=\"https:\/\/nnm-brandenburg.de\/wp-content\/uploads\/2021\/05\/8_ausFLUG_Teil-2_\u00a9-Gisela-Nauck-scaled.jpg\" \/>\n\t<meta property=\"og:image:width\" content=\"1920\" \/>\n\t<meta property=\"og:image:height\" content=\"1440\" \/>\n\t<meta property=\"og:image:type\" content=\"image\/jpeg\" \/>\n<meta name=\"author\" content=\"nnm-brandenburg\" \/>\n<meta name=\"twitter:card\" content=\"summary_large_image\" \/>\n<meta name=\"twitter:label1\" content=\"Verfasst von\" \/>\n\t<meta name=\"twitter:data1\" content=\"nnm-brandenburg\" \/>\n\t<meta name=\"twitter:label2\" content=\"Gesch\u00e4tzte Lesezeit\" \/>\n\t<meta name=\"twitter:data2\" content=\"3\u00a0Minuten\" \/>\n<script type=\"application\/ld+json\" class=\"yoast-schema-graph\">{\"@context\":\"https:\\\/\\\/schema.org\",\"@graph\":[{\"@type\":\"Article\",\"@id\":\"https:\\\/\\\/nnm-brandenburg.de\\\/index.php\\\/2021\\\/05\\\/25\\\/2-muehlenbecker-klanglandschaften\\\/#article\",\"isPartOf\":{\"@id\":\"https:\\\/\\\/nnm-brandenburg.de\\\/index.php\\\/2021\\\/05\\\/25\\\/2-muehlenbecker-klanglandschaften\\\/\"},\"author\":{\"name\":\"nnm-brandenburg\",\"@id\":\"https:\\\/\\\/nnm-brandenburg.de\\\/#\\\/schema\\\/person\\\/dda75919782f3771ae7a590f1a485e01\"},\"headline\":\"2. M\u00fchlenbecker Klanglandschaften\",\"datePublished\":\"2021-05-25T06:46:41+00:00\",\"dateModified\":\"2021-09-15T07:48:19+00:00\",\"mainEntityOfPage\":{\"@id\":\"https:\\\/\\\/nnm-brandenburg.de\\\/index.php\\\/2021\\\/05\\\/25\\\/2-muehlenbecker-klanglandschaften\\\/\"},\"wordCount\":538,\"publisher\":{\"@id\":\"https:\\\/\\\/nnm-brandenburg.de\\\/#organization\"},\"image\":{\"@id\":\"https:\\\/\\\/nnm-brandenburg.de\\\/index.php\\\/2021\\\/05\\\/25\\\/2-muehlenbecker-klanglandschaften\\\/#primaryimage\"},\"thumbnailUrl\":\"https:\\\/\\\/nnm-brandenburg.de\\\/wp-content\\\/uploads\\\/2021\\\/05\\\/8_ausFLUG_Teil-2_\u00a9-Gisela-Nauck-scaled.jpg\",\"articleSection\":[\"Slider\"],\"inLanguage\":\"de\"},{\"@type\":\"WebPage\",\"@id\":\"https:\\\/\\\/nnm-brandenburg.de\\\/index.php\\\/2021\\\/05\\\/25\\\/2-muehlenbecker-klanglandschaften\\\/\",\"url\":\"https:\\\/\\\/nnm-brandenburg.de\\\/index.php\\\/2021\\\/05\\\/25\\\/2-muehlenbecker-klanglandschaften\\\/\",\"name\":\"2. M\u00fchlenbecker Klanglandschaften - netzwerk neue musik brandenburg\",\"isPartOf\":{\"@id\":\"https:\\\/\\\/nnm-brandenburg.de\\\/#website\"},\"primaryImageOfPage\":{\"@id\":\"https:\\\/\\\/nnm-brandenburg.de\\\/index.php\\\/2021\\\/05\\\/25\\\/2-muehlenbecker-klanglandschaften\\\/#primaryimage\"},\"image\":{\"@id\":\"https:\\\/\\\/nnm-brandenburg.de\\\/index.php\\\/2021\\\/05\\\/25\\\/2-muehlenbecker-klanglandschaften\\\/#primaryimage\"},\"thumbnailUrl\":\"https:\\\/\\\/nnm-brandenburg.de\\\/wp-content\\\/uploads\\\/2021\\\/05\\\/8_ausFLUG_Teil-2_\u00a9-Gisela-Nauck-scaled.jpg\",\"datePublished\":\"2021-05-25T06:46:41+00:00\",\"dateModified\":\"2021-09-15T07:48:19+00:00\",\"breadcrumb\":{\"@id\":\"https:\\\/\\\/nnm-brandenburg.de\\\/index.php\\\/2021\\\/05\\\/25\\\/2-muehlenbecker-klanglandschaften\\\/#breadcrumb\"},\"inLanguage\":\"de\",\"potentialAction\":[{\"@type\":\"ReadAction\",\"target\":[\"https:\\\/\\\/nnm-brandenburg.de\\\/index.php\\\/2021\\\/05\\\/25\\\/2-muehlenbecker-klanglandschaften\\\/\"]}]},{\"@type\":\"ImageObject\",\"inLanguage\":\"de\",\"@id\":\"https:\\\/\\\/nnm-brandenburg.de\\\/index.php\\\/2021\\\/05\\\/25\\\/2-muehlenbecker-klanglandschaften\\\/#primaryimage\",\"url\":\"https:\\\/\\\/nnm-brandenburg.de\\\/wp-content\\\/uploads\\\/2021\\\/05\\\/8_ausFLUG_Teil-2_\u00a9-Gisela-Nauck-scaled.jpg\",\"contentUrl\":\"https:\\\/\\\/nnm-brandenburg.de\\\/wp-content\\\/uploads\\\/2021\\\/05\\\/8_ausFLUG_Teil-2_\u00a9-Gisela-Nauck-scaled.jpg\",\"width\":1920,\"height\":1440},{\"@type\":\"BreadcrumbList\",\"@id\":\"https:\\\/\\\/nnm-brandenburg.de\\\/index.php\\\/2021\\\/05\\\/25\\\/2-muehlenbecker-klanglandschaften\\\/#breadcrumb\",\"itemListElement\":[{\"@type\":\"ListItem\",\"position\":1,\"name\":\"Startseite\",\"item\":\"https:\\\/\\\/nnm-brandenburg.de\\\/\"},{\"@type\":\"ListItem\",\"position\":2,\"name\":\"2. M\u00fchlenbecker Klanglandschaften\"}]},{\"@type\":\"WebSite\",\"@id\":\"https:\\\/\\\/nnm-brandenburg.de\\\/#website\",\"url\":\"https:\\\/\\\/nnm-brandenburg.de\\\/\",\"name\":\"Netzwerk Neue Musik Brandenburg\",\"description\":\"Eine Initiative des Landesmusikrates Brandenburg\",\"publisher\":{\"@id\":\"https:\\\/\\\/nnm-brandenburg.de\\\/#organization\"},\"potentialAction\":[{\"@type\":\"SearchAction\",\"target\":{\"@type\":\"EntryPoint\",\"urlTemplate\":\"https:\\\/\\\/nnm-brandenburg.de\\\/?s={search_term_string}\"},\"query-input\":{\"@type\":\"PropertyValueSpecification\",\"valueRequired\":true,\"valueName\":\"search_term_string\"}}],\"inLanguage\":\"de\"},{\"@type\":\"Organization\",\"@id\":\"https:\\\/\\\/nnm-brandenburg.de\\\/#organization\",\"name\":\"Netzwerk Neue Musik Brandenburg\",\"url\":\"https:\\\/\\\/nnm-brandenburg.de\\\/\",\"logo\":{\"@type\":\"ImageObject\",\"inLanguage\":\"de\",\"@id\":\"https:\\\/\\\/nnm-brandenburg.de\\\/#\\\/schema\\\/logo\\\/image\\\/\",\"url\":\"https:\\\/\\\/nnm-brandenburg.de\\\/nnm\\\/wp-content\\\/uploads\\\/2020\\\/02\\\/lmr_logo_sign_vorn.png\",\"contentUrl\":\"https:\\\/\\\/nnm-brandenburg.de\\\/nnm\\\/wp-content\\\/uploads\\\/2020\\\/02\\\/lmr_logo_sign_vorn.png\",\"width\":1920,\"height\":472,\"caption\":\"Netzwerk Neue Musik Brandenburg\"},\"image\":{\"@id\":\"https:\\\/\\\/nnm-brandenburg.de\\\/#\\\/schema\\\/logo\\\/image\\\/\"}},{\"@type\":\"Person\",\"@id\":\"https:\\\/\\\/nnm-brandenburg.de\\\/#\\\/schema\\\/person\\\/dda75919782f3771ae7a590f1a485e01\",\"name\":\"nnm-brandenburg\",\"image\":{\"@type\":\"ImageObject\",\"inLanguage\":\"de\",\"@id\":\"https:\\\/\\\/secure.gravatar.com\\\/avatar\\\/858ac0bd57fdf6c6f3e07e733fd2c7d92ea75b75e4984b37615b0a62b044e513?s=96&d=mm&r=g\",\"url\":\"https:\\\/\\\/secure.gravatar.com\\\/avatar\\\/858ac0bd57fdf6c6f3e07e733fd2c7d92ea75b75e4984b37615b0a62b044e513?s=96&d=mm&r=g\",\"contentUrl\":\"https:\\\/\\\/secure.gravatar.com\\\/avatar\\\/858ac0bd57fdf6c6f3e07e733fd2c7d92ea75b75e4984b37615b0a62b044e513?s=96&d=mm&r=g\",\"caption\":\"nnm-brandenburg\"}}]}<\/script>\n<!-- \/ Yoast SEO plugin. -->","yoast_head_json":{"title":"2. M\u00fchlenbecker Klanglandschaften - netzwerk neue musik brandenburg","robots":{"index":"index","follow":"follow","max-snippet":"max-snippet:-1","max-image-preview":"max-image-preview:large","max-video-preview":"max-video-preview:-1"},"canonical":"https:\/\/nnm-brandenburg.de\/index.php\/2021\/05\/25\/2-muehlenbecker-klanglandschaften\/","og_locale":"de_DE","og_type":"article","og_title":"2. M\u00fchlenbecker Klanglandschaften - netzwerk neue musik brandenburg","og_description":"12.\u200a06.\u200a2021 bis 19.\u200a06.\u200a2021","og_url":"https:\/\/nnm-brandenburg.de\/index.php\/2021\/05\/25\/2-muehlenbecker-klanglandschaften\/","og_site_name":"netzwerk neue musik brandenburg","article_published_time":"2021-05-25T06:46:41+00:00","article_modified_time":"2021-09-15T07:48:19+00:00","og_image":[{"width":1920,"height":1440,"url":"https:\/\/nnm-brandenburg.de\/wp-content\/uploads\/2021\/05\/8_ausFLUG_Teil-2_\u00a9-Gisela-Nauck-scaled.jpg","type":"image\/jpeg"}],"author":"nnm-brandenburg","twitter_card":"summary_large_image","twitter_misc":{"Verfasst von":"nnm-brandenburg","Gesch\u00e4tzte Lesezeit":"3\u00a0Minuten"},"schema":{"@context":"https:\/\/schema.org","@graph":[{"@type":"Article","@id":"https:\/\/nnm-brandenburg.de\/index.php\/2021\/05\/25\/2-muehlenbecker-klanglandschaften\/#article","isPartOf":{"@id":"https:\/\/nnm-brandenburg.de\/index.php\/2021\/05\/25\/2-muehlenbecker-klanglandschaften\/"},"author":{"name":"nnm-brandenburg","@id":"https:\/\/nnm-brandenburg.de\/#\/schema\/person\/dda75919782f3771ae7a590f1a485e01"},"headline":"2. M\u00fchlenbecker Klanglandschaften","datePublished":"2021-05-25T06:46:41+00:00","dateModified":"2021-09-15T07:48:19+00:00","mainEntityOfPage":{"@id":"https:\/\/nnm-brandenburg.de\/index.php\/2021\/05\/25\/2-muehlenbecker-klanglandschaften\/"},"wordCount":538,"publisher":{"@id":"https:\/\/nnm-brandenburg.de\/#organization"},"image":{"@id":"https:\/\/nnm-brandenburg.de\/index.php\/2021\/05\/25\/2-muehlenbecker-klanglandschaften\/#primaryimage"},"thumbnailUrl":"https:\/\/nnm-brandenburg.de\/wp-content\/uploads\/2021\/05\/8_ausFLUG_Teil-2_\u00a9-Gisela-Nauck-scaled.jpg","articleSection":["Slider"],"inLanguage":"de"},{"@type":"WebPage","@id":"https:\/\/nnm-brandenburg.de\/index.php\/2021\/05\/25\/2-muehlenbecker-klanglandschaften\/","url":"https:\/\/nnm-brandenburg.de\/index.php\/2021\/05\/25\/2-muehlenbecker-klanglandschaften\/","name":"2. M\u00fchlenbecker Klanglandschaften - netzwerk neue musik brandenburg","isPartOf":{"@id":"https:\/\/nnm-brandenburg.de\/#website"},"primaryImageOfPage":{"@id":"https:\/\/nnm-brandenburg.de\/index.php\/2021\/05\/25\/2-muehlenbecker-klanglandschaften\/#primaryimage"},"image":{"@id":"https:\/\/nnm-brandenburg.de\/index.php\/2021\/05\/25\/2-muehlenbecker-klanglandschaften\/#primaryimage"},"thumbnailUrl":"https:\/\/nnm-brandenburg.de\/wp-content\/uploads\/2021\/05\/8_ausFLUG_Teil-2_\u00a9-Gisela-Nauck-scaled.jpg","datePublished":"2021-05-25T06:46:41+00:00","dateModified":"2021-09-15T07:48:19+00:00","breadcrumb":{"@id":"https:\/\/nnm-brandenburg.de\/index.php\/2021\/05\/25\/2-muehlenbecker-klanglandschaften\/#breadcrumb"},"inLanguage":"de","potentialAction":[{"@type":"ReadAction","target":["https:\/\/nnm-brandenburg.de\/index.php\/2021\/05\/25\/2-muehlenbecker-klanglandschaften\/"]}]},{"@type":"ImageObject","inLanguage":"de","@id":"https:\/\/nnm-brandenburg.de\/index.php\/2021\/05\/25\/2-muehlenbecker-klanglandschaften\/#primaryimage","url":"https:\/\/nnm-brandenburg.de\/wp-content\/uploads\/2021\/05\/8_ausFLUG_Teil-2_\u00a9-Gisela-Nauck-scaled.jpg","contentUrl":"https:\/\/nnm-brandenburg.de\/wp-content\/uploads\/2021\/05\/8_ausFLUG_Teil-2_\u00a9-Gisela-Nauck-scaled.jpg","width":1920,"height":1440},{"@type":"BreadcrumbList","@id":"https:\/\/nnm-brandenburg.de\/index.php\/2021\/05\/25\/2-muehlenbecker-klanglandschaften\/#breadcrumb","itemListElement":[{"@type":"ListItem","position":1,"name":"Startseite","item":"https:\/\/nnm-brandenburg.de\/"},{"@type":"ListItem","position":2,"name":"2. M\u00fchlenbecker Klanglandschaften"}]},{"@type":"WebSite","@id":"https:\/\/nnm-brandenburg.de\/#website","url":"https:\/\/nnm-brandenburg.de\/","name":"Netzwerk Neue Musik Brandenburg","description":"Eine Initiative des Landesmusikrates Brandenburg","publisher":{"@id":"https:\/\/nnm-brandenburg.de\/#organization"},"potentialAction":[{"@type":"SearchAction","target":{"@type":"EntryPoint","urlTemplate":"https:\/\/nnm-brandenburg.de\/?s={search_term_string}"},"query-input":{"@type":"PropertyValueSpecification","valueRequired":true,"valueName":"search_term_string"}}],"inLanguage":"de"},{"@type":"Organization","@id":"https:\/\/nnm-brandenburg.de\/#organization","name":"Netzwerk Neue Musik Brandenburg","url":"https:\/\/nnm-brandenburg.de\/","logo":{"@type":"ImageObject","inLanguage":"de","@id":"https:\/\/nnm-brandenburg.de\/#\/schema\/logo\/image\/","url":"https:\/\/nnm-brandenburg.de\/nnm\/wp-content\/uploads\/2020\/02\/lmr_logo_sign_vorn.png","contentUrl":"https:\/\/nnm-brandenburg.de\/nnm\/wp-content\/uploads\/2020\/02\/lmr_logo_sign_vorn.png","width":1920,"height":472,"caption":"Netzwerk Neue Musik Brandenburg"},"image":{"@id":"https:\/\/nnm-brandenburg.de\/#\/schema\/logo\/image\/"}},{"@type":"Person","@id":"https:\/\/nnm-brandenburg.de\/#\/schema\/person\/dda75919782f3771ae7a590f1a485e01","name":"nnm-brandenburg","image":{"@type":"ImageObject","inLanguage":"de","@id":"https:\/\/secure.gravatar.com\/avatar\/858ac0bd57fdf6c6f3e07e733fd2c7d92ea75b75e4984b37615b0a62b044e513?s=96&d=mm&r=g","url":"https:\/\/secure.gravatar.com\/avatar\/858ac0bd57fdf6c6f3e07e733fd2c7d92ea75b75e4984b37615b0a62b044e513?s=96&d=mm&r=g","contentUrl":"https:\/\/secure.gravatar.com\/avatar\/858ac0bd57fdf6c6f3e07e733fd2c7d92ea75b75e4984b37615b0a62b044e513?s=96&d=mm&r=g","caption":"nnm-brandenburg"}}]}},"publishpress_future_action":{"enabled":false,"date":"2026-05-06 19:37:44","action":"change-status","newStatus":"draft","terms":[],"taxonomy":"category","extraData":[]},"publishpress_future_workflow_manual_trigger":{"enabledWorkflows":[]},"_links":{"self":[{"href":"https:\/\/nnm-brandenburg.de\/index.php\/wp-json\/wp\/v2\/posts\/4851","targetHints":{"allow":["GET"]}}],"collection":[{"href":"https:\/\/nnm-brandenburg.de\/index.php\/wp-json\/wp\/v2\/posts"}],"about":[{"href":"https:\/\/nnm-brandenburg.de\/index.php\/wp-json\/wp\/v2\/types\/post"}],"author":[{"embeddable":true,"href":"https:\/\/nnm-brandenburg.de\/index.php\/wp-json\/wp\/v2\/users\/1"}],"replies":[{"embeddable":true,"href":"https:\/\/nnm-brandenburg.de\/index.php\/wp-json\/wp\/v2\/comments?post=4851"}],"version-history":[{"count":9,"href":"https:\/\/nnm-brandenburg.de\/index.php\/wp-json\/wp\/v2\/posts\/4851\/revisions"}],"predecessor-version":[{"id":4991,"href":"https:\/\/nnm-brandenburg.de\/index.php\/wp-json\/wp\/v2\/posts\/4851\/revisions\/4991"}],"wp:featuredmedia":[{"embeddable":true,"href":"https:\/\/nnm-brandenburg.de\/index.php\/wp-json\/wp\/v2\/media\/4990"}],"wp:attachment":[{"href":"https:\/\/nnm-brandenburg.de\/index.php\/wp-json\/wp\/v2\/media?parent=4851"}],"wp:term":[{"taxonomy":"category","embeddable":true,"href":"https:\/\/nnm-brandenburg.de\/index.php\/wp-json\/wp\/v2\/categories?post=4851"},{"taxonomy":"post_tag","embeddable":true,"href":"https:\/\/nnm-brandenburg.de\/index.php\/wp-json\/wp\/v2\/tags?post=4851"}],"curies":[{"name":"wp","href":"https:\/\/api.w.org\/{rel}","templated":true}]}}