{"id":5197,"date":"2021-10-18T10:00:16","date_gmt":"2021-10-18T08:00:16","guid":{"rendered":"https:\/\/nnm-brandenburg.de\/nnm\/?p=5197"},"modified":"2021-10-18T14:30:07","modified_gmt":"2021-10-18T12:30:07","slug":"d-e-s-i-g-n-i-n-g-v-o-i-c-e-s","status":"publish","type":"post","link":"https:\/\/nnm-brandenburg.de\/index.php\/2021\/10\/18\/d-e-s-i-g-n-i-n-g-v-o-i-c-e-s\/","title":{"rendered":"DESIGNING VOICES"},"content":{"rendered":"\n<p><strong>Inter\u00adna\u00adtio\u00adna\u00adles Fes\u00adti\u00adval f\u00fcr voka\u00adle Per\u00adfor\u00admance\u00adkunst, Klang und&nbsp;Musik<\/strong><\/p>\n\n\n\n<!--more-->\n\n\n\n<p><strong>2. bis 7. Novem\u00adber&nbsp;2021<\/strong><\/p>\n\n\n\n<p class=\"has-text-align-left\"><strong>Fran\u00adz\u00f6\u00adsi\u00adsche Kir\u00adche Pots\u00addam<\/strong> (2. \u2013 3. Nov., jeweils 19:00)<br><strong>St. Mat\u00adth\u00e4\u00adus-Kir\u00adche Ber\u00adlin<\/strong> (4. \u2013 6. Nov., jeweils 19:00)<br>\n<strong>Nor\u00addi\u00adsche Bot\u00adschaf\u00adten Fel\u00adle\u00adshus Ber\u00adlin<\/strong> (7. Nov., 11:00)<\/p>\n\n\n\n<p><\/p>\n\n\n\n<p class=\"block\"><strong>DESIGNING VOICES<\/strong>*** stellt eine Rei\u00adhe von Klang- und Musik\u00adper\u00adfor\u00adman\u00adces mit einem Fokus auf voka\u00adle Per\u00adfor\u00admance\u00adkunst vor, die 2021 vom Musik\u00adfonds e.V. und dem Minis\u00adte\u00adri\u00adum f\u00fcr Wis\u00adsen\u00adschaft, For\u00adschung und Kul\u00adtur des Lan\u00addes Bran\u00adden\u00adburg (MWFK) gef\u00f6r\u00addert ist, sowie von der K\u00f6nig\u00adlich Nor\u00adwe\u00adgi\u00adschen Bot\u00adschaft Ber\u00adlin und der Schwe\u00addi\u00adschen Bot\u00adschaft Ber\u00adlin unter\u00adst\u00fctzt wird.<\/p>\n\n\n\n<p class=\"block\"><strong>DESIGNING VOICES<\/strong> pr\u00e4\u00adsen\u00adtiert voka\u00adle Performancek\u00fcnstler*innen sowie Musiker*innen, die ihre Stim\u00adme als inte\u00adgra\u00adlen Bestand\u00adteil ihrer Auf\u00adf\u00fch\u00adrungs\u00adpra\u00adxis ver\u00adste\u00adhen und ein\u00adset\u00adzen. Das The\u00adma des Jah\u00adres 2021 kreist um die Pfei\u00adfen\u00ador\u00adgel, die Stim\u00adme und ges\u00adten\u00adge\u00adsteu\u00ader\u00adte Live-Elektronik.<\/p>\n\n\n\n<p class=\"block\"><strong>DESIGNING VOICES<\/strong> fin\u00addet in der ers\u00adten Novem\u00adber\u00adwo\u00adche 2021 in Form eines Fes\u00adti\u00advals mit t\u00e4g\u00adli\u00adchen Pr\u00e4\u00adsen\u00adta\u00adtio\u00adnen in zwei Kir\u00adchen, der Fran\u00adz\u00f6\u00adsi\u00adschen Kir\u00adche Pots\u00addam (2. \u2014 3. Nov.) und der St. Mat\u00adth\u00e4\u00adus Kir\u00adche Ber\u00adlin (4. \u2014 6. Nov.) mit einer Abschluss\u00adver\u00adan\u00adstal\u00adtung im Haus der Nor\u00addi\u00adschen Bot\u00adschaf\u00adten (7. Nov.)&nbsp;statt.<\/p>\n\n\n\n<p class=\"block\">Die musi\u00adka\u00adli\u00adschen Dar\u00adbie\u00adtun\u00adgen von <strong>DESIGNING VOICES<\/strong> wer\u00adden von per\u00adfor\u00adma\u00adti\u00adven Lesun\u00adgen (Lec\u00adtu\u00adre-Per\u00adfor\u00adman\u00adces) und audio\u00advi\u00adsu\u00adel\u00adlen Arbei\u00adten beglei\u00adtet, die Cha\u00adrak\u00adte\u00adris\u00adti\u00adka und Beson\u00adder\u00adhei\u00adten von zeit\u00adge\u00adn\u00f6s\u00adsi\u00adscher voka\u00adler Per\u00adfor\u00admance\u00adkunst beleuchten.<\/p>\n\n\n\n<p class=\"block\">Die K\u00fcnst\u00adler von <strong>DESIGNING VOICES<\/strong> sind zun\u00e4chst STEN SANDELL (Stock\u00adholm, SE) an Orgel, Kla\u00advier, Stim\u00adme und Elek\u00adtro\u00adnik und ALEX NOWITZ (Pots\u00addam) an Stim\u00adme und Live-Elek\u00adtro\u00adnik (Stro\u00adpho\u00adni\u00adon). In Kom\u00adbi\u00adna\u00adti\u00adon mit ihren Stim\u00admen ver\u00adbin\u00adden sie die Tra\u00addi\u00adti\u00adon des Pfei\u00adfen\u00ador\u00adgel\u00adspiels mit der inno\u00adva\u00adti\u00adven Auf\u00adf\u00fch\u00adrungs\u00adpra\u00adxis der Anwen\u00addung ges\u00adten\u00adge\u00adsteu\u00ader\u00adter Live-Elek\u00adtro\u00adnik. In die\u00adsem Jahr begin\u00adnen sie mit dem Duett\u00adpro\u00adjekt&nbsp;SAM.<\/p>\n\n\n\n<p class=\"block\">Mit den voka\u00adlen Per\u00adfor\u00admance\u00adk\u00fcnst\u00adle\u00adrin\u00adnen TONE \u00c5SE (Trond\u00adheim, NO), FRANZISKA BAUMANN (Bern, CH), UTE WASSERMANN (Ber\u00adlin) und den Musiker*innen MATTHIAS BAUER (Ber\u00adlin), FR\u00c9D\u00c9RIC BLONDY (Avallon, FR), SABINE VOGEL (Pots\u00addam) und BILIANA VOUTCHKOVA (Ber\u00adlin) tre\u00adten San\u00addell &amp; Nowitz in einen span\u00adnungs\u00advol\u00adlen und inten\u00adsi\u00adven Aus\u00adtausch mit au\u00dfer\u00adge\u00adw\u00f6hn\u00adli\u00adchen, inter\u00adna\u00adtio\u00adnal renom\u00admier\u00adten voka\u00adlen Performance-k\u00fcnstler*innen und Musiker*innen. Dadurch wird eben\u00adso das instru\u00admen\u00adta\u00adle Spek\u00adtrum erwei\u00adtert, und zwar um Pfei\u00adf\u00adob\u00adjek\u00adte, Kon\u00adtra\u00adbass, pr\u00e4\u00adpa\u00adrier\u00adtes Kla\u00advier, Fl\u00f6\u00adten und Gei\u00adge. Im Rah\u00admen des Fes\u00adti\u00advals <strong>DESIGNING VOICES<\/strong> tre\u00adten alle ein\u00adge\u00adla\u00adde\u00adnen K\u00fcnstler*innen zudem solis\u00adtisch&nbsp;auf.<\/p>\n\n\n\n<p class=\"block\">Jeder Tag des Fes\u00adti\u00advals steht unter einem ande\u00adren Mot\u00adto. <strong>DESIGNING VOICES<\/strong> betont damit jene Aspek\u00adte, wof\u00fcr die ein\u00adge\u00adla\u00adde\u00adnen K\u00fcnstler*innen eine beson\u00adde\u00adre Exper\u00adti\u00adse mit\u00adbrin\u00adgen oder in denen sie ihre unver\u00adwech\u00adsel\u00adba\u00adre und ein\u00adzig\u00adar\u00adti\u00adge Aus\u00addrucks\u00adspra\u00adche zur Gel\u00adtung bringen.<\/p>\n\n\n\n<hr class=\"wp-block-separator\">\n\n\n\n<p>P R O G R A M&nbsp;M<\/p>\n\n\n\n<p>\u2014 2. Nov. 2021 (19 Uhr), Fran\u00adz\u00f6\u00adsi\u00adsche Kir\u00adche POTSDAM: &nbsp;<br><em><strong>b i r d&nbsp;s<\/strong><\/em><\/p>\n\n\n\n<p>SAM: Sten San\u00addell (Pfei\u00adfen\u00ador\u00adgel, Kla\u00advier, Stim\u00adme, Elek\u00adtro\u00adnik) &amp; Alex Nowitz (Stim\u00adme, Live-Elek\u00adtro\u00adnik: Stro\u00adpho\u00adni\u00adon), beson\u00adde\u00adre G\u00e4s\u00adte: UTE WASSERMANN (Stim\u00adme, Pfei\u00adfen), FR\u00c9D\u00c9RIC BLONDY (pr\u00e4\u00adpa\u00adrier\u00adtes Kla\u00advier, Orgel); audio\u00advi\u00adsu\u00adel\u00adle Wer\u00adke von Alex Nowitz, Sten San\u00addell und Ute Wassermann<\/p>\n\n\n\n<p>\u2014 3. Nov. 2021 (19 Uhr), Fran\u00adz\u00f6\u00adsi\u00adsche Kir\u00adche POTSDAM:<br><em><strong>b o w&nbsp;s<\/strong><\/em><\/p>\n\n\n\n<p>SAM (Sten San\u00addell &amp; Alex Nowitz), beson\u00adde\u00adre G\u00e4s\u00adte: BILIANA VOUTCHKOVA (Vio\u00adli\u00adne, Stim\u00adme), MATTHIAS BAUER (Kon\u00adtra\u00adbass, Sprech\u00adstim\u00adme); Lec\u00adtu\u00adre-Per\u00adfor\u00admance von Alex Nowitz mit Mat\u00adthi\u00adas&nbsp;Bauer<\/p>\n\n\n\n<p>\u2014 4. Nov. 2021 (19 Uhr), St. Mat\u00adth\u00e4\u00adus Kir\u00adche BERLIN:<br><strong><em>p i p e&nbsp;s<\/em><\/strong><\/p>\n\n\n\n<p>SAM (Sten San\u00addell &amp; Alex Nowitz), beson\u00adde\u00adrer Gast: SABINE VOGEL (Fl\u00f6\u00adten, Stim\u00adme, Objek\u00adte); Lec\u00adtu\u00adre-Per\u00adfor\u00admance von Sabi\u00adne Vogel und Sten San\u00addell; audio\u00advi\u00adsu\u00adel\u00adles Werk von Sabi\u00adne&nbsp;Vogel<\/p>\n\n\n\n<p>\u2014 5. Nov. 2021 (19 Uhr), St. Mat\u00adth\u00e4\u00adus Kir\u00adche BERLIN:<br><strong><em>m o u t h&nbsp;s<\/em><\/strong><\/p>\n\n\n\n<p>SAM (Sten San\u00addell &amp; Alex Nowitz), beson\u00adde\u00adrer Gast: TONE \u00c5SE (Stim\u00adme, Live-Elek\u00adtro\u00adnik); Lec\u00adtu\u00adre-Per\u00adfor\u00admance von Fran\u00adzis\u00adka Bau\u00admann und Alex Nowitz<\/p>\n\n\n\n<p>\u2014 6. Novem\u00adber 2021 (19 Uhr), St. Mat\u00adth\u00e4\u00adus Kir\u00adche BERLIN:<\/p>\n\n\n\n<p><strong><em>o p e r a d i c a l&nbsp;s<\/em><\/strong><\/p>\n\n\n\n<p>SAM (Sten San\u00addell &amp; Alex Nowitz), beson\u00adde\u00adrer Gast: FRANZISKA BAUMANN (Stim\u00adme, Live-Elek\u00adtro\u00adnik: Sen\u00adsor\u00adglove); Lec\u00adtu\u00adre-Per\u00adfor\u00admance von Tone&nbsp;\u00c5se<\/p>\n\n\n\n<p>\u2014 7. Novem\u00adber 2021 (11 Uhr), Nor\u00addi\u00adsche Bot\u00adschaf\u00adten Fel\u00adle\u00adshus BERLIN:<\/p>\n\n\n\n<p><strong><em>h a p p e n i n g &nbsp;t a l k&nbsp;s<\/em><\/strong><\/p>\n\n\n\n<p>Tone \u00c5se, Fran\u00adzis\u00adka Bau\u00admann, Alex Nowitz, Sten San\u00addell und mode\u00adriert von ELKE MOLTRECHT<\/p>\n\n\n\n<hr class=\"wp-block-separator\">\n\n\n\n<p class=\"block\"><br><br>***&nbsp;&nbsp;&nbsp;&nbsp; Hin\u00adter dem eng\u00adlisch\u00adspra\u00adchi\u00adgen Titel des Fes\u00adti\u00advals <strong>DESIGNING VOICES<\/strong> ver\u00adber\u00adgen sich zwei Les\u00adar\u00adten. So lau\u00adtet eine \u00dcber\u00adset\u00adzung \u2019Gestal\u00adten\u00adde Stim\u00admen\u2019 und spielt an auf die Autoren\u00adschaft, die die aus\u00adf\u00fch\u00adren\u00adden K\u00fcnstler*innen f\u00fcr sich in Anspruch neh\u00admen, indem sie sich alle als <em>Com\u00adpo\u00adser-Per\u00adfor\u00admer<\/em> vor\u00adstel\u00adlen. Tre\u00adten Komponist*innen gleich\u00adzei\u00adtig und unmit\u00adtel\u00adbar als Aus\u00adf\u00fch\u00adren\u00adde auf, dann wird nicht nur der her\u00adk\u00f6mm\u00adli\u00adche Weg abge\u00adk\u00fcrzt, der ent\u00adsteht, wenn eine Zwi\u00adschen\u00adin\u00adstanz die Inter\u00adpre\u00adta\u00adti\u00adon \u00fcber\u00adnimmt, son\u00addern zieht zudem nach sich, dass unver\u00adf\u00e4lsch\u00adte, authen\u00adti\u00adsche Klang\u00ader\u00adgeb\u00adnis\u00adse ent\u00adste\u00adhen.<br>Die ande\u00adre \u00dcber\u00adset\u00adzungs\u00adva\u00adri\u00adan\u00adte \u201aDas Gestal\u00adten von Stim\u00admen\u2019 deu\u00adtet auf das Aus\u00adsch\u00f6p\u00adfen des voka\u00adlen Klang\u00adpo\u00adten\u00adzi\u00adals einer mensch\u00adli\u00adchen Stim\u00adme hin, die sich durch Man\u00adnig\u00adfal\u00adtig\u00adkeit, Fle\u00adxi\u00adbi\u00adli\u00adt\u00e4t und Ver\u00adf\u00fch\u00adrungs\u00adkraft defi\u00adniert \u2013 sei es durch den expli\u00adzi\u00adten Ein\u00adsatz mul\u00adtivo\u00adka\u00adler Aus\u00addrucks\u00adfor\u00admen oder durch die Hin\u00adzu\u00adnah\u00adme moderns\u00adter, ges\u00adten\u00adge\u00adsteu\u00ader\u00adter Live-Elek\u00adtro\u00adnik. Ziel die\u00adser ein\u00adzig\u00adar\u00adti\u00adgen Per\u00adfor\u00adman\u00adce\u00adstim\u00admen \u2013 die einem Cha\u00adm\u00e4\u00adle\u00adon gleich, sich best\u00e4n\u00addig und unmerk\u00adlich zu ver\u00ad\u00e4n\u00addern wis\u00adsen \u2013 ist es, ihre cha\u00adrak\u00adte\u00adris\u00adti\u00adschen Merk\u00adma\u00adle sowie fas\u00adzi\u00adnie\u00adren\u00adden Eigen\u00adt\u00fcm\u00adlich\u00adkei\u00adten im gegen\u00adsei\u00adti\u00adgen Spiel mit Instru\u00admen\u00adten, Medi\u00aden und neu\u00aden Tech\u00adno\u00adlo\u00adgien zu beleuch\u00adten, die unver\u00adwech\u00adsel\u00adba\u00adren Moment\u00adauf\u00adnah\u00admen in neu\u00adar\u00adti\u00adgen, musi\u00adka\u00adli\u00adschen Klang\u00adge\u00adf\u00fc\u00adgen dar\u00adzu\u00adbie\u00adten und auf die\u00adse Wei\u00adse nicht Gerin\u00adge\u00adres zu tun, als das Feld zeit\u00adge\u00adn\u00f6s\u00adsi\u00adscher voka\u00adler Per\u00adfor\u00admance\u00adkunst neu zu bestellen.<\/p>\n\n\n\n<p>Wei\u00adter\u00adf\u00fch\u00adren\u00adde Infor\u00adma\u00adtio\u00adnen \u00fcber das Fes\u00adti\u00adval fin\u00adden Sie auf der zwei\u00adspra\u00adchi\u00adgen Web\u00adsite <a href=\"https:\/\/designing-voices.nowitz.de\/\">https:\/\/designing-voices.nowitz.de\/<\/a>.<\/p>\n\n\n\n<p><strong>Pres\u00adse: maria@ko-hum.com<\/strong><\/p>\n\n\n\n<p><strong>Infor\u00adma\u00adti\u00adon: designing-voices@nowitz.de<\/strong><\/p>\n\n\n\n<p><strong>Kar\u00adten: designing-voices@nowitz.de<\/strong><\/p>\n\n\n\n<hr class=\"wp-block-separator\">\n\n\n\n<p>Foto \u00a9 Oscar Loeser<\/p>\n\n\n\n<p>Gef\u00f6r\u00addert vom Musik\u00adfonds e.V. mit Pro\u00adjekt\u00admit\u00adteln der Bun\u00addes\u00adre\u00adgie\u00adrung f\u00fcr Kul\u00adtur und Medi\u00aden im Rah\u00admen des Son\u00adder\u00adpro\u00adgramms Neu\u00adstart Kul\u00adtur und vom Minis\u00adte\u00adri\u00adum f\u00fcr Wis\u00adsen\u00adschaft, For\u00adschung und Kul\u00adtur (MWFK) des Lan\u00addes Bran\u00adden\u00adburg sowie in Zusam\u00admen\u00adar\u00adbeit mit der Kgl. Nor\u00adwe\u00adgi\u00adschen Bot\u00adschaft Ber\u00adlin und der Schwe\u00addi\u00adschen Bot\u00adschaft Berlin.<\/p>\n\n\n\n<p><\/p>\n","protected":false},"excerpt":{"rendered":"<p>Inter\u00adna\u00adtio\u00adna\u00adles Fes\u00adti\u00adval f\u00fcr voka\u00adle Per\u00adfor\u00admance\u00adkunst, Klang und&nbsp;Musik<\/p>\n","protected":false},"author":1,"featured_media":4870,"comment_status":"closed","ping_status":"closed","sticky":false,"template":"","format":"standard","meta":{"wp_typography_post_enhancements_disabled":false,"footnotes":""},"categories":[6],"tags":[],"class_list":["post-5197","post","type-post","status-publish","format-standard","has-post-thumbnail","hentry","category-slider"],"yoast_head":"<!-- This site is optimized with the Yoast SEO plugin v27.5 - https:\/\/yoast.com\/product\/yoast-seo-wordpress\/ -->\n<title>DESIGNING VOICES - netzwerk neue musik brandenburg<\/title>\n<meta name=\"robots\" content=\"index, follow, max-snippet:-1, max-image-preview:large, max-video-preview:-1\" \/>\n<link rel=\"canonical\" href=\"https:\/\/nnm-brandenburg.de\/index.php\/2021\/10\/18\/d-e-s-i-g-n-i-n-g-v-o-i-c-e-s\/\" \/>\n<meta property=\"og:locale\" content=\"de_DE\" \/>\n<meta property=\"og:type\" content=\"article\" \/>\n<meta property=\"og:title\" content=\"DESIGNING VOICES - netzwerk neue musik brandenburg\" \/>\n<meta property=\"og:description\" content=\"Inter\u00adna\u00adtio\u00adna\u00adles Fes\u00adti\u00adval f\u00fcr voka\u00adle Per\u00adfor\u00admance\u00adkunst, Klang und&nbsp;Musik\" \/>\n<meta property=\"og:url\" content=\"https:\/\/nnm-brandenburg.de\/index.php\/2021\/10\/18\/d-e-s-i-g-n-i-n-g-v-o-i-c-e-s\/\" \/>\n<meta property=\"og:site_name\" content=\"netzwerk neue musik brandenburg\" \/>\n<meta property=\"article:published_time\" content=\"2021-10-18T08:00:16+00:00\" \/>\n<meta property=\"article:modified_time\" content=\"2021-10-18T12:30:07+00:00\" \/>\n<meta property=\"og:image\" content=\"https:\/\/nnm-brandenburg.de\/wp-content\/uploads\/2021\/06\/mundfundstuecke-e1621776786192.jpg\" \/>\n\t<meta property=\"og:image:width\" content=\"679\" \/>\n\t<meta property=\"og:image:height\" content=\"430\" \/>\n\t<meta property=\"og:image:type\" content=\"image\/jpeg\" \/>\n<meta name=\"author\" content=\"nnm-brandenburg\" \/>\n<meta name=\"twitter:card\" content=\"summary_large_image\" \/>\n<meta name=\"twitter:label1\" content=\"Verfasst von\" \/>\n\t<meta name=\"twitter:data1\" content=\"nnm-brandenburg\" \/>\n\t<meta name=\"twitter:label2\" content=\"Gesch\u00e4tzte Lesezeit\" \/>\n\t<meta name=\"twitter:data2\" content=\"4\u00a0Minuten\" \/>\n<script type=\"application\/ld+json\" class=\"yoast-schema-graph\">{\"@context\":\"https:\\\/\\\/schema.org\",\"@graph\":[{\"@type\":\"Article\",\"@id\":\"https:\\\/\\\/nnm-brandenburg.de\\\/index.php\\\/2021\\\/10\\\/18\\\/d-e-s-i-g-n-i-n-g-v-o-i-c-e-s\\\/#article\",\"isPartOf\":{\"@id\":\"https:\\\/\\\/nnm-brandenburg.de\\\/index.php\\\/2021\\\/10\\\/18\\\/d-e-s-i-g-n-i-n-g-v-o-i-c-e-s\\\/\"},\"author\":{\"name\":\"nnm-brandenburg\",\"@id\":\"https:\\\/\\\/nnm-brandenburg.de\\\/#\\\/schema\\\/person\\\/dda75919782f3771ae7a590f1a485e01\"},\"headline\":\"DESIGNING VOICES\",\"datePublished\":\"2021-10-18T08:00:16+00:00\",\"dateModified\":\"2021-10-18T12:30:07+00:00\",\"mainEntityOfPage\":{\"@id\":\"https:\\\/\\\/nnm-brandenburg.de\\\/index.php\\\/2021\\\/10\\\/18\\\/d-e-s-i-g-n-i-n-g-v-o-i-c-e-s\\\/\"},\"wordCount\":883,\"publisher\":{\"@id\":\"https:\\\/\\\/nnm-brandenburg.de\\\/#organization\"},\"image\":{\"@id\":\"https:\\\/\\\/nnm-brandenburg.de\\\/index.php\\\/2021\\\/10\\\/18\\\/d-e-s-i-g-n-i-n-g-v-o-i-c-e-s\\\/#primaryimage\"},\"thumbnailUrl\":\"https:\\\/\\\/nnm-brandenburg.de\\\/wp-content\\\/uploads\\\/2021\\\/06\\\/mundfundstuecke-e1621776786192.jpg\",\"articleSection\":[\"Slider\"],\"inLanguage\":\"de\"},{\"@type\":\"WebPage\",\"@id\":\"https:\\\/\\\/nnm-brandenburg.de\\\/index.php\\\/2021\\\/10\\\/18\\\/d-e-s-i-g-n-i-n-g-v-o-i-c-e-s\\\/\",\"url\":\"https:\\\/\\\/nnm-brandenburg.de\\\/index.php\\\/2021\\\/10\\\/18\\\/d-e-s-i-g-n-i-n-g-v-o-i-c-e-s\\\/\",\"name\":\"DESIGNING VOICES - netzwerk neue musik brandenburg\",\"isPartOf\":{\"@id\":\"https:\\\/\\\/nnm-brandenburg.de\\\/#website\"},\"primaryImageOfPage\":{\"@id\":\"https:\\\/\\\/nnm-brandenburg.de\\\/index.php\\\/2021\\\/10\\\/18\\\/d-e-s-i-g-n-i-n-g-v-o-i-c-e-s\\\/#primaryimage\"},\"image\":{\"@id\":\"https:\\\/\\\/nnm-brandenburg.de\\\/index.php\\\/2021\\\/10\\\/18\\\/d-e-s-i-g-n-i-n-g-v-o-i-c-e-s\\\/#primaryimage\"},\"thumbnailUrl\":\"https:\\\/\\\/nnm-brandenburg.de\\\/wp-content\\\/uploads\\\/2021\\\/06\\\/mundfundstuecke-e1621776786192.jpg\",\"datePublished\":\"2021-10-18T08:00:16+00:00\",\"dateModified\":\"2021-10-18T12:30:07+00:00\",\"breadcrumb\":{\"@id\":\"https:\\\/\\\/nnm-brandenburg.de\\\/index.php\\\/2021\\\/10\\\/18\\\/d-e-s-i-g-n-i-n-g-v-o-i-c-e-s\\\/#breadcrumb\"},\"inLanguage\":\"de\",\"potentialAction\":[{\"@type\":\"ReadAction\",\"target\":[\"https:\\\/\\\/nnm-brandenburg.de\\\/index.php\\\/2021\\\/10\\\/18\\\/d-e-s-i-g-n-i-n-g-v-o-i-c-e-s\\\/\"]}]},{\"@type\":\"ImageObject\",\"inLanguage\":\"de\",\"@id\":\"https:\\\/\\\/nnm-brandenburg.de\\\/index.php\\\/2021\\\/10\\\/18\\\/d-e-s-i-g-n-i-n-g-v-o-i-c-e-s\\\/#primaryimage\",\"url\":\"https:\\\/\\\/nnm-brandenburg.de\\\/wp-content\\\/uploads\\\/2021\\\/06\\\/mundfundstuecke-e1621776786192.jpg\",\"contentUrl\":\"https:\\\/\\\/nnm-brandenburg.de\\\/wp-content\\\/uploads\\\/2021\\\/06\\\/mundfundstuecke-e1621776786192.jpg\",\"width\":679,\"height\":430},{\"@type\":\"BreadcrumbList\",\"@id\":\"https:\\\/\\\/nnm-brandenburg.de\\\/index.php\\\/2021\\\/10\\\/18\\\/d-e-s-i-g-n-i-n-g-v-o-i-c-e-s\\\/#breadcrumb\",\"itemListElement\":[{\"@type\":\"ListItem\",\"position\":1,\"name\":\"Startseite\",\"item\":\"https:\\\/\\\/nnm-brandenburg.de\\\/\"},{\"@type\":\"ListItem\",\"position\":2,\"name\":\"DESIGNING VOICES\"}]},{\"@type\":\"WebSite\",\"@id\":\"https:\\\/\\\/nnm-brandenburg.de\\\/#website\",\"url\":\"https:\\\/\\\/nnm-brandenburg.de\\\/\",\"name\":\"Netzwerk Neue Musik Brandenburg\",\"description\":\"Eine Initiative des Landesmusikrates Brandenburg\",\"publisher\":{\"@id\":\"https:\\\/\\\/nnm-brandenburg.de\\\/#organization\"},\"potentialAction\":[{\"@type\":\"SearchAction\",\"target\":{\"@type\":\"EntryPoint\",\"urlTemplate\":\"https:\\\/\\\/nnm-brandenburg.de\\\/?s={search_term_string}\"},\"query-input\":{\"@type\":\"PropertyValueSpecification\",\"valueRequired\":true,\"valueName\":\"search_term_string\"}}],\"inLanguage\":\"de\"},{\"@type\":\"Organization\",\"@id\":\"https:\\\/\\\/nnm-brandenburg.de\\\/#organization\",\"name\":\"Netzwerk Neue Musik Brandenburg\",\"url\":\"https:\\\/\\\/nnm-brandenburg.de\\\/\",\"logo\":{\"@type\":\"ImageObject\",\"inLanguage\":\"de\",\"@id\":\"https:\\\/\\\/nnm-brandenburg.de\\\/#\\\/schema\\\/logo\\\/image\\\/\",\"url\":\"https:\\\/\\\/nnm-brandenburg.de\\\/nnm\\\/wp-content\\\/uploads\\\/2020\\\/02\\\/lmr_logo_sign_vorn.png\",\"contentUrl\":\"https:\\\/\\\/nnm-brandenburg.de\\\/nnm\\\/wp-content\\\/uploads\\\/2020\\\/02\\\/lmr_logo_sign_vorn.png\",\"width\":1920,\"height\":472,\"caption\":\"Netzwerk Neue Musik Brandenburg\"},\"image\":{\"@id\":\"https:\\\/\\\/nnm-brandenburg.de\\\/#\\\/schema\\\/logo\\\/image\\\/\"}},{\"@type\":\"Person\",\"@id\":\"https:\\\/\\\/nnm-brandenburg.de\\\/#\\\/schema\\\/person\\\/dda75919782f3771ae7a590f1a485e01\",\"name\":\"nnm-brandenburg\",\"image\":{\"@type\":\"ImageObject\",\"inLanguage\":\"de\",\"@id\":\"https:\\\/\\\/secure.gravatar.com\\\/avatar\\\/858ac0bd57fdf6c6f3e07e733fd2c7d92ea75b75e4984b37615b0a62b044e513?s=96&d=mm&r=g\",\"url\":\"https:\\\/\\\/secure.gravatar.com\\\/avatar\\\/858ac0bd57fdf6c6f3e07e733fd2c7d92ea75b75e4984b37615b0a62b044e513?s=96&d=mm&r=g\",\"contentUrl\":\"https:\\\/\\\/secure.gravatar.com\\\/avatar\\\/858ac0bd57fdf6c6f3e07e733fd2c7d92ea75b75e4984b37615b0a62b044e513?s=96&d=mm&r=g\",\"caption\":\"nnm-brandenburg\"}}]}<\/script>\n<!-- \/ Yoast SEO plugin. -->","yoast_head_json":{"title":"DESIGNING VOICES - netzwerk neue musik brandenburg","robots":{"index":"index","follow":"follow","max-snippet":"max-snippet:-1","max-image-preview":"max-image-preview:large","max-video-preview":"max-video-preview:-1"},"canonical":"https:\/\/nnm-brandenburg.de\/index.php\/2021\/10\/18\/d-e-s-i-g-n-i-n-g-v-o-i-c-e-s\/","og_locale":"de_DE","og_type":"article","og_title":"DESIGNING VOICES - netzwerk neue musik brandenburg","og_description":"Inter\u00adna\u00adtio\u00adna\u00adles Fes\u00adti\u00adval f\u00fcr voka\u00adle Per\u00adfor\u00admance\u00adkunst, Klang und&nbsp;Musik","og_url":"https:\/\/nnm-brandenburg.de\/index.php\/2021\/10\/18\/d-e-s-i-g-n-i-n-g-v-o-i-c-e-s\/","og_site_name":"netzwerk neue musik brandenburg","article_published_time":"2021-10-18T08:00:16+00:00","article_modified_time":"2021-10-18T12:30:07+00:00","og_image":[{"width":679,"height":430,"url":"https:\/\/nnm-brandenburg.de\/wp-content\/uploads\/2021\/06\/mundfundstuecke-e1621776786192.jpg","type":"image\/jpeg"}],"author":"nnm-brandenburg","twitter_card":"summary_large_image","twitter_misc":{"Verfasst von":"nnm-brandenburg","Gesch\u00e4tzte Lesezeit":"4\u00a0Minuten"},"schema":{"@context":"https:\/\/schema.org","@graph":[{"@type":"Article","@id":"https:\/\/nnm-brandenburg.de\/index.php\/2021\/10\/18\/d-e-s-i-g-n-i-n-g-v-o-i-c-e-s\/#article","isPartOf":{"@id":"https:\/\/nnm-brandenburg.de\/index.php\/2021\/10\/18\/d-e-s-i-g-n-i-n-g-v-o-i-c-e-s\/"},"author":{"name":"nnm-brandenburg","@id":"https:\/\/nnm-brandenburg.de\/#\/schema\/person\/dda75919782f3771ae7a590f1a485e01"},"headline":"DESIGNING VOICES","datePublished":"2021-10-18T08:00:16+00:00","dateModified":"2021-10-18T12:30:07+00:00","mainEntityOfPage":{"@id":"https:\/\/nnm-brandenburg.de\/index.php\/2021\/10\/18\/d-e-s-i-g-n-i-n-g-v-o-i-c-e-s\/"},"wordCount":883,"publisher":{"@id":"https:\/\/nnm-brandenburg.de\/#organization"},"image":{"@id":"https:\/\/nnm-brandenburg.de\/index.php\/2021\/10\/18\/d-e-s-i-g-n-i-n-g-v-o-i-c-e-s\/#primaryimage"},"thumbnailUrl":"https:\/\/nnm-brandenburg.de\/wp-content\/uploads\/2021\/06\/mundfundstuecke-e1621776786192.jpg","articleSection":["Slider"],"inLanguage":"de"},{"@type":"WebPage","@id":"https:\/\/nnm-brandenburg.de\/index.php\/2021\/10\/18\/d-e-s-i-g-n-i-n-g-v-o-i-c-e-s\/","url":"https:\/\/nnm-brandenburg.de\/index.php\/2021\/10\/18\/d-e-s-i-g-n-i-n-g-v-o-i-c-e-s\/","name":"DESIGNING VOICES - netzwerk neue musik brandenburg","isPartOf":{"@id":"https:\/\/nnm-brandenburg.de\/#website"},"primaryImageOfPage":{"@id":"https:\/\/nnm-brandenburg.de\/index.php\/2021\/10\/18\/d-e-s-i-g-n-i-n-g-v-o-i-c-e-s\/#primaryimage"},"image":{"@id":"https:\/\/nnm-brandenburg.de\/index.php\/2021\/10\/18\/d-e-s-i-g-n-i-n-g-v-o-i-c-e-s\/#primaryimage"},"thumbnailUrl":"https:\/\/nnm-brandenburg.de\/wp-content\/uploads\/2021\/06\/mundfundstuecke-e1621776786192.jpg","datePublished":"2021-10-18T08:00:16+00:00","dateModified":"2021-10-18T12:30:07+00:00","breadcrumb":{"@id":"https:\/\/nnm-brandenburg.de\/index.php\/2021\/10\/18\/d-e-s-i-g-n-i-n-g-v-o-i-c-e-s\/#breadcrumb"},"inLanguage":"de","potentialAction":[{"@type":"ReadAction","target":["https:\/\/nnm-brandenburg.de\/index.php\/2021\/10\/18\/d-e-s-i-g-n-i-n-g-v-o-i-c-e-s\/"]}]},{"@type":"ImageObject","inLanguage":"de","@id":"https:\/\/nnm-brandenburg.de\/index.php\/2021\/10\/18\/d-e-s-i-g-n-i-n-g-v-o-i-c-e-s\/#primaryimage","url":"https:\/\/nnm-brandenburg.de\/wp-content\/uploads\/2021\/06\/mundfundstuecke-e1621776786192.jpg","contentUrl":"https:\/\/nnm-brandenburg.de\/wp-content\/uploads\/2021\/06\/mundfundstuecke-e1621776786192.jpg","width":679,"height":430},{"@type":"BreadcrumbList","@id":"https:\/\/nnm-brandenburg.de\/index.php\/2021\/10\/18\/d-e-s-i-g-n-i-n-g-v-o-i-c-e-s\/#breadcrumb","itemListElement":[{"@type":"ListItem","position":1,"name":"Startseite","item":"https:\/\/nnm-brandenburg.de\/"},{"@type":"ListItem","position":2,"name":"DESIGNING VOICES"}]},{"@type":"WebSite","@id":"https:\/\/nnm-brandenburg.de\/#website","url":"https:\/\/nnm-brandenburg.de\/","name":"Netzwerk Neue Musik Brandenburg","description":"Eine Initiative des Landesmusikrates Brandenburg","publisher":{"@id":"https:\/\/nnm-brandenburg.de\/#organization"},"potentialAction":[{"@type":"SearchAction","target":{"@type":"EntryPoint","urlTemplate":"https:\/\/nnm-brandenburg.de\/?s={search_term_string}"},"query-input":{"@type":"PropertyValueSpecification","valueRequired":true,"valueName":"search_term_string"}}],"inLanguage":"de"},{"@type":"Organization","@id":"https:\/\/nnm-brandenburg.de\/#organization","name":"Netzwerk Neue Musik Brandenburg","url":"https:\/\/nnm-brandenburg.de\/","logo":{"@type":"ImageObject","inLanguage":"de","@id":"https:\/\/nnm-brandenburg.de\/#\/schema\/logo\/image\/","url":"https:\/\/nnm-brandenburg.de\/nnm\/wp-content\/uploads\/2020\/02\/lmr_logo_sign_vorn.png","contentUrl":"https:\/\/nnm-brandenburg.de\/nnm\/wp-content\/uploads\/2020\/02\/lmr_logo_sign_vorn.png","width":1920,"height":472,"caption":"Netzwerk Neue Musik Brandenburg"},"image":{"@id":"https:\/\/nnm-brandenburg.de\/#\/schema\/logo\/image\/"}},{"@type":"Person","@id":"https:\/\/nnm-brandenburg.de\/#\/schema\/person\/dda75919782f3771ae7a590f1a485e01","name":"nnm-brandenburg","image":{"@type":"ImageObject","inLanguage":"de","@id":"https:\/\/secure.gravatar.com\/avatar\/858ac0bd57fdf6c6f3e07e733fd2c7d92ea75b75e4984b37615b0a62b044e513?s=96&d=mm&r=g","url":"https:\/\/secure.gravatar.com\/avatar\/858ac0bd57fdf6c6f3e07e733fd2c7d92ea75b75e4984b37615b0a62b044e513?s=96&d=mm&r=g","contentUrl":"https:\/\/secure.gravatar.com\/avatar\/858ac0bd57fdf6c6f3e07e733fd2c7d92ea75b75e4984b37615b0a62b044e513?s=96&d=mm&r=g","caption":"nnm-brandenburg"}}]}},"publishpress_future_action":{"enabled":false,"date":"2026-05-05 14:34:42","action":"change-status","newStatus":"draft","terms":[],"taxonomy":"category","extraData":[]},"publishpress_future_workflow_manual_trigger":{"enabledWorkflows":[]},"_links":{"self":[{"href":"https:\/\/nnm-brandenburg.de\/index.php\/wp-json\/wp\/v2\/posts\/5197","targetHints":{"allow":["GET"]}}],"collection":[{"href":"https:\/\/nnm-brandenburg.de\/index.php\/wp-json\/wp\/v2\/posts"}],"about":[{"href":"https:\/\/nnm-brandenburg.de\/index.php\/wp-json\/wp\/v2\/types\/post"}],"author":[{"embeddable":true,"href":"https:\/\/nnm-brandenburg.de\/index.php\/wp-json\/wp\/v2\/users\/1"}],"replies":[{"embeddable":true,"href":"https:\/\/nnm-brandenburg.de\/index.php\/wp-json\/wp\/v2\/comments?post=5197"}],"version-history":[{"count":11,"href":"https:\/\/nnm-brandenburg.de\/index.php\/wp-json\/wp\/v2\/posts\/5197\/revisions"}],"predecessor-version":[{"id":5218,"href":"https:\/\/nnm-brandenburg.de\/index.php\/wp-json\/wp\/v2\/posts\/5197\/revisions\/5218"}],"wp:featuredmedia":[{"embeddable":true,"href":"https:\/\/nnm-brandenburg.de\/index.php\/wp-json\/wp\/v2\/media\/4870"}],"wp:attachment":[{"href":"https:\/\/nnm-brandenburg.de\/index.php\/wp-json\/wp\/v2\/media?parent=5197"}],"wp:term":[{"taxonomy":"category","embeddable":true,"href":"https:\/\/nnm-brandenburg.de\/index.php\/wp-json\/wp\/v2\/categories?post=5197"},{"taxonomy":"post_tag","embeddable":true,"href":"https:\/\/nnm-brandenburg.de\/index.php\/wp-json\/wp\/v2\/tags?post=5197"}],"curies":[{"name":"wp","href":"https:\/\/api.w.org\/{rel}","templated":true}]}}