{"id":5735,"date":"2022-06-27T12:27:51","date_gmt":"2022-06-27T10:27:51","guid":{"rendered":"https:\/\/nnm-brandenburg.de\/nnm\/?p=5735"},"modified":"2022-08-16T13:33:58","modified_gmt":"2022-08-16T11:33:58","slug":"landqultour-2022","status":"publish","type":"post","link":"https:\/\/nnm-brandenburg.de\/index.php\/2022\/06\/27\/landqultour-2022\/","title":{"rendered":"LandQultour 2022"},"content":{"rendered":"\n<p class=\"has-text-align-left has-normal-font-size\"><strong>Ensem\u00adble Quil\u00adlo unter\u00adwegs in Brandenburg<\/strong><\/p>\n\n\n\n<!--more-->\n\n\n\n<p>Bran\u00adden\u00adburgs kleins\u00adte Kunst\u00adhal\u00adle zieht wie\u00adder durch die Lan\u00adde! Auch in die\u00adsem Jahr bereist das Ensem\u00adble Quil\u00adlo mit ihrem rol\u00adlen\u00adden Musik\u00adsa\u00adlon die Regi\u00adon und bringt zwei neue Insze\u00adnie\u00adrun\u00adgen mit. Es gibt zeit\u00adge\u00adn\u00f6s\u00adsi\u00adsche Kam\u00admer\u00admu\u00adsik, eine fun\u00adkel\u00adna\u00adgel\u00adneue B\u00fch\u00adne, auf die sie gespannt sein d\u00fcr\u00adfen \u2013 und wie immer Raum f\u00fcr Begeg\u00adnung und Aus\u00adtausch. Unse\u00adre dies\u00adj\u00e4h\u00adri\u00adgen elf Koope\u00adra\u00adti\u00adons\u00adpart\u00adner sind span\u00adnen\u00adde Orte in Bran\u00adden\u00adburg, an denen es sich unbe\u00addingt lohnt, zu ver\u00adwei\u00adlen. Kom\u00admen Sie vor\u00adbei und las\u00adsen Sie sich in nach\u00adbar\u00adschaft\u00adli\u00adcher Atmo\u00adsph\u00e4\u00adre von unse\u00adren Musiker*innen mit kurz\u00adwei\u00adli\u00adgen und moder\u00adnen Kl\u00e4n\u00adgen verw\u00f6hnen.<\/p>\n\n\n\n<p><strong>Die Ter\u00admi\u00adne:<\/strong><\/p>\n\n\n\n<p><strong><u>18.8<\/u><\/strong><br><strong>19:00&nbsp;<\/strong>Fal\u00adken\u00adha\u00adgen, Dorfanger&nbsp;<\/p>\n\n\n\n<p><strong><u>19.8.&nbsp;<\/u><\/strong><strong><br>16:00&nbsp;<\/strong>F\u00fcrs\u00adten\u00adwer\u00adder, Bade\u00adstel\u00adle am Gro\u00ad\u00dfen&nbsp;See<\/p>\n\n\n\n<p><strong>19:00<\/strong>&nbsp;Grenz, Dorfmitte&nbsp;<\/p>\n\n\n\n<p><strong><u>20.8.&nbsp;<\/u><\/strong><strong><br>16:00<\/strong>&nbsp;Hob\u00adrechts\u00adfel\u00adde, Caf\u00e9 &amp; Bier\u00adgar\u00adten am Gut Hobrechtsfelde&nbsp;<\/p>\n\n\n\n<p><strong>19:00&nbsp;<\/strong>Gro\u00df D\u00f6lln, Am D\u00f6llnflie\u00df&nbsp;<\/p>\n\n\n\n<p><strong><u>21.8.&nbsp;<\/u><\/strong><br><strong>15:00<\/strong>&nbsp;Anger\u00adm\u00fcn\u00adde, B\u00fcr\u00adger\u00adgar\u00adten am Haus Uckermark&nbsp;<\/p>\n\n\n\n<p><strong>18:00<\/strong>&nbsp;Schwedt Euro\u00adp\u00e4i\u00adscher Hugenottenpark<\/p>\n\n\n\n<hr class=\"wp-block-separator has-alpha-channel-opacity\">\n\n\n\n<p><strong>Ensem\u00adble Quillo<\/strong><\/p>\n\n\n\n<p>Ursu\u00adla Wei\u00adler:&nbsp;Fl\u00f6\u00adte<br>Lui\u00adse Rau:&nbsp;Cel\u00adlo<br>Dani\u00adel G\u00f6ritz:&nbsp;Gitar\u00adre<br>Felix Kroll:&nbsp;Akkor\u00adde\u00adon<br>Max Ren\u00adne, Lion Hin\u00adn\u00adrichs:&nbsp;Toy Pia\u00adno, Keyboard<\/p>\n\n\n\n<p>Kon\u00adzep\u00adti\u00adon, Aus\u00adstat\u00adtung:&nbsp;Valen\u00adti\u00adna Pri\u00adma\u00adve\u00adra&nbsp;<br>Kon\u00adzep\u00adti\u00adon, k\u00fcnst\u00adle\u00adri\u00adsche Gesamt\u00adlei\u00adtung:&nbsp;Ursu\u00adla Weiler<\/p>\n\n\n\n<hr class=\"wp-block-separator has-css-opacity\">\n\n\n\n<p>Landqultour2019 \u00a9 Anton&nbsp;Rau&nbsp;<\/p>\n\n\n\n<div style=\"height:150px\" aria-hidden=\"true\" class=\"wp-block-spacer\"><\/div>\n","protected":false},"excerpt":{"rendered":"<p>Ensem\u00adble Quil\u00adlo unter\u00adwegs in Brandenburg<\/p>\n","protected":false},"author":1,"featured_media":3336,"comment_status":"closed","ping_status":"closed","sticky":false,"template":"","format":"standard","meta":{"wp_typography_post_enhancements_disabled":false,"footnotes":""},"categories":[6],"tags":[],"class_list":["post-5735","post","type-post","status-publish","format-standard","has-post-thumbnail","hentry","category-slider"],"yoast_head":"<!-- This site is optimized with the Yoast SEO plugin v27.5 - https:\/\/yoast.com\/product\/yoast-seo-wordpress\/ -->\n<title>LandQultour 2022 - netzwerk neue musik brandenburg<\/title>\n<meta name=\"robots\" content=\"index, follow, max-snippet:-1, max-image-preview:large, max-video-preview:-1\" \/>\n<link rel=\"canonical\" href=\"https:\/\/nnm-brandenburg.de\/index.php\/2022\/06\/27\/landqultour-2022\/\" \/>\n<meta property=\"og:locale\" content=\"de_DE\" \/>\n<meta property=\"og:type\" content=\"article\" \/>\n<meta property=\"og:title\" content=\"LandQultour 2022 - netzwerk neue musik brandenburg\" \/>\n<meta property=\"og:description\" content=\"Ensem\u00adble Quil\u00adlo unter\u00adwegs in Brandenburg\" \/>\n<meta property=\"og:url\" content=\"https:\/\/nnm-brandenburg.de\/index.php\/2022\/06\/27\/landqultour-2022\/\" \/>\n<meta property=\"og:site_name\" content=\"netzwerk neue musik brandenburg\" \/>\n<meta property=\"article:published_time\" content=\"2022-06-27T10:27:51+00:00\" \/>\n<meta property=\"article:modified_time\" content=\"2022-08-16T11:33:58+00:00\" \/>\n<meta property=\"og:image\" content=\"https:\/\/nnm-brandenburg.de\/wp-content\/uploads\/2020\/02\/Landqultour2019_Anton_Rau_1024x517.jpg\" \/>\n\t<meta property=\"og:image:width\" content=\"999\" \/>\n\t<meta property=\"og:image:height\" content=\"504\" \/>\n\t<meta property=\"og:image:type\" content=\"image\/jpeg\" \/>\n<meta name=\"author\" content=\"nnm-brandenburg\" \/>\n<meta name=\"twitter:card\" content=\"summary_large_image\" \/>\n<meta name=\"twitter:label1\" content=\"Verfasst von\" \/>\n\t<meta name=\"twitter:data1\" content=\"nnm-brandenburg\" \/>\n\t<meta name=\"twitter:label2\" content=\"Gesch\u00e4tzte Lesezeit\" \/>\n\t<meta name=\"twitter:data2\" content=\"1\u00a0Minute\" \/>\n<script type=\"application\/ld+json\" class=\"yoast-schema-graph\">{\"@context\":\"https:\\\/\\\/schema.org\",\"@graph\":[{\"@type\":\"Article\",\"@id\":\"https:\\\/\\\/nnm-brandenburg.de\\\/index.php\\\/2022\\\/06\\\/27\\\/landqultour-2022\\\/#article\",\"isPartOf\":{\"@id\":\"https:\\\/\\\/nnm-brandenburg.de\\\/index.php\\\/2022\\\/06\\\/27\\\/landqultour-2022\\\/\"},\"author\":{\"name\":\"nnm-brandenburg\",\"@id\":\"https:\\\/\\\/nnm-brandenburg.de\\\/#\\\/schema\\\/person\\\/dda75919782f3771ae7a590f1a485e01\"},\"headline\":\"LandQultour 2022\",\"datePublished\":\"2022-06-27T10:27:51+00:00\",\"dateModified\":\"2022-08-16T11:33:58+00:00\",\"mainEntityOfPage\":{\"@id\":\"https:\\\/\\\/nnm-brandenburg.de\\\/index.php\\\/2022\\\/06\\\/27\\\/landqultour-2022\\\/\"},\"wordCount\":191,\"publisher\":{\"@id\":\"https:\\\/\\\/nnm-brandenburg.de\\\/#organization\"},\"image\":{\"@id\":\"https:\\\/\\\/nnm-brandenburg.de\\\/index.php\\\/2022\\\/06\\\/27\\\/landqultour-2022\\\/#primaryimage\"},\"thumbnailUrl\":\"https:\\\/\\\/nnm-brandenburg.de\\\/wp-content\\\/uploads\\\/2020\\\/02\\\/Landqultour2019_Anton_Rau_1024x517.jpg\",\"articleSection\":[\"Slider\"],\"inLanguage\":\"de\"},{\"@type\":\"WebPage\",\"@id\":\"https:\\\/\\\/nnm-brandenburg.de\\\/index.php\\\/2022\\\/06\\\/27\\\/landqultour-2022\\\/\",\"url\":\"https:\\\/\\\/nnm-brandenburg.de\\\/index.php\\\/2022\\\/06\\\/27\\\/landqultour-2022\\\/\",\"name\":\"LandQultour 2022 - netzwerk neue musik brandenburg\",\"isPartOf\":{\"@id\":\"https:\\\/\\\/nnm-brandenburg.de\\\/#website\"},\"primaryImageOfPage\":{\"@id\":\"https:\\\/\\\/nnm-brandenburg.de\\\/index.php\\\/2022\\\/06\\\/27\\\/landqultour-2022\\\/#primaryimage\"},\"image\":{\"@id\":\"https:\\\/\\\/nnm-brandenburg.de\\\/index.php\\\/2022\\\/06\\\/27\\\/landqultour-2022\\\/#primaryimage\"},\"thumbnailUrl\":\"https:\\\/\\\/nnm-brandenburg.de\\\/wp-content\\\/uploads\\\/2020\\\/02\\\/Landqultour2019_Anton_Rau_1024x517.jpg\",\"datePublished\":\"2022-06-27T10:27:51+00:00\",\"dateModified\":\"2022-08-16T11:33:58+00:00\",\"breadcrumb\":{\"@id\":\"https:\\\/\\\/nnm-brandenburg.de\\\/index.php\\\/2022\\\/06\\\/27\\\/landqultour-2022\\\/#breadcrumb\"},\"inLanguage\":\"de\",\"potentialAction\":[{\"@type\":\"ReadAction\",\"target\":[\"https:\\\/\\\/nnm-brandenburg.de\\\/index.php\\\/2022\\\/06\\\/27\\\/landqultour-2022\\\/\"]}]},{\"@type\":\"ImageObject\",\"inLanguage\":\"de\",\"@id\":\"https:\\\/\\\/nnm-brandenburg.de\\\/index.php\\\/2022\\\/06\\\/27\\\/landqultour-2022\\\/#primaryimage\",\"url\":\"https:\\\/\\\/nnm-brandenburg.de\\\/wp-content\\\/uploads\\\/2020\\\/02\\\/Landqultour2019_Anton_Rau_1024x517.jpg\",\"contentUrl\":\"https:\\\/\\\/nnm-brandenburg.de\\\/wp-content\\\/uploads\\\/2020\\\/02\\\/Landqultour2019_Anton_Rau_1024x517.jpg\",\"width\":999,\"height\":504},{\"@type\":\"BreadcrumbList\",\"@id\":\"https:\\\/\\\/nnm-brandenburg.de\\\/index.php\\\/2022\\\/06\\\/27\\\/landqultour-2022\\\/#breadcrumb\",\"itemListElement\":[{\"@type\":\"ListItem\",\"position\":1,\"name\":\"Startseite\",\"item\":\"https:\\\/\\\/nnm-brandenburg.de\\\/\"},{\"@type\":\"ListItem\",\"position\":2,\"name\":\"LandQultour 2022\"}]},{\"@type\":\"WebSite\",\"@id\":\"https:\\\/\\\/nnm-brandenburg.de\\\/#website\",\"url\":\"https:\\\/\\\/nnm-brandenburg.de\\\/\",\"name\":\"Netzwerk Neue Musik Brandenburg\",\"description\":\"Eine Initiative des Landesmusikrates Brandenburg\",\"publisher\":{\"@id\":\"https:\\\/\\\/nnm-brandenburg.de\\\/#organization\"},\"potentialAction\":[{\"@type\":\"SearchAction\",\"target\":{\"@type\":\"EntryPoint\",\"urlTemplate\":\"https:\\\/\\\/nnm-brandenburg.de\\\/?s={search_term_string}\"},\"query-input\":{\"@type\":\"PropertyValueSpecification\",\"valueRequired\":true,\"valueName\":\"search_term_string\"}}],\"inLanguage\":\"de\"},{\"@type\":\"Organization\",\"@id\":\"https:\\\/\\\/nnm-brandenburg.de\\\/#organization\",\"name\":\"Netzwerk Neue Musik Brandenburg\",\"url\":\"https:\\\/\\\/nnm-brandenburg.de\\\/\",\"logo\":{\"@type\":\"ImageObject\",\"inLanguage\":\"de\",\"@id\":\"https:\\\/\\\/nnm-brandenburg.de\\\/#\\\/schema\\\/logo\\\/image\\\/\",\"url\":\"https:\\\/\\\/nnm-brandenburg.de\\\/nnm\\\/wp-content\\\/uploads\\\/2020\\\/02\\\/lmr_logo_sign_vorn.png\",\"contentUrl\":\"https:\\\/\\\/nnm-brandenburg.de\\\/nnm\\\/wp-content\\\/uploads\\\/2020\\\/02\\\/lmr_logo_sign_vorn.png\",\"width\":1920,\"height\":472,\"caption\":\"Netzwerk Neue Musik Brandenburg\"},\"image\":{\"@id\":\"https:\\\/\\\/nnm-brandenburg.de\\\/#\\\/schema\\\/logo\\\/image\\\/\"}},{\"@type\":\"Person\",\"@id\":\"https:\\\/\\\/nnm-brandenburg.de\\\/#\\\/schema\\\/person\\\/dda75919782f3771ae7a590f1a485e01\",\"name\":\"nnm-brandenburg\",\"image\":{\"@type\":\"ImageObject\",\"inLanguage\":\"de\",\"@id\":\"https:\\\/\\\/secure.gravatar.com\\\/avatar\\\/858ac0bd57fdf6c6f3e07e733fd2c7d92ea75b75e4984b37615b0a62b044e513?s=96&d=mm&r=g\",\"url\":\"https:\\\/\\\/secure.gravatar.com\\\/avatar\\\/858ac0bd57fdf6c6f3e07e733fd2c7d92ea75b75e4984b37615b0a62b044e513?s=96&d=mm&r=g\",\"contentUrl\":\"https:\\\/\\\/secure.gravatar.com\\\/avatar\\\/858ac0bd57fdf6c6f3e07e733fd2c7d92ea75b75e4984b37615b0a62b044e513?s=96&d=mm&r=g\",\"caption\":\"nnm-brandenburg\"}}]}<\/script>\n<!-- \/ Yoast SEO plugin. -->","yoast_head_json":{"title":"LandQultour 2022 - netzwerk neue musik brandenburg","robots":{"index":"index","follow":"follow","max-snippet":"max-snippet:-1","max-image-preview":"max-image-preview:large","max-video-preview":"max-video-preview:-1"},"canonical":"https:\/\/nnm-brandenburg.de\/index.php\/2022\/06\/27\/landqultour-2022\/","og_locale":"de_DE","og_type":"article","og_title":"LandQultour 2022 - netzwerk neue musik brandenburg","og_description":"Ensem\u00adble Quil\u00adlo unter\u00adwegs in Brandenburg","og_url":"https:\/\/nnm-brandenburg.de\/index.php\/2022\/06\/27\/landqultour-2022\/","og_site_name":"netzwerk neue musik brandenburg","article_published_time":"2022-06-27T10:27:51+00:00","article_modified_time":"2022-08-16T11:33:58+00:00","og_image":[{"width":999,"height":504,"url":"https:\/\/nnm-brandenburg.de\/wp-content\/uploads\/2020\/02\/Landqultour2019_Anton_Rau_1024x517.jpg","type":"image\/jpeg"}],"author":"nnm-brandenburg","twitter_card":"summary_large_image","twitter_misc":{"Verfasst von":"nnm-brandenburg","Gesch\u00e4tzte Lesezeit":"1\u00a0Minute"},"schema":{"@context":"https:\/\/schema.org","@graph":[{"@type":"Article","@id":"https:\/\/nnm-brandenburg.de\/index.php\/2022\/06\/27\/landqultour-2022\/#article","isPartOf":{"@id":"https:\/\/nnm-brandenburg.de\/index.php\/2022\/06\/27\/landqultour-2022\/"},"author":{"name":"nnm-brandenburg","@id":"https:\/\/nnm-brandenburg.de\/#\/schema\/person\/dda75919782f3771ae7a590f1a485e01"},"headline":"LandQultour 2022","datePublished":"2022-06-27T10:27:51+00:00","dateModified":"2022-08-16T11:33:58+00:00","mainEntityOfPage":{"@id":"https:\/\/nnm-brandenburg.de\/index.php\/2022\/06\/27\/landqultour-2022\/"},"wordCount":191,"publisher":{"@id":"https:\/\/nnm-brandenburg.de\/#organization"},"image":{"@id":"https:\/\/nnm-brandenburg.de\/index.php\/2022\/06\/27\/landqultour-2022\/#primaryimage"},"thumbnailUrl":"https:\/\/nnm-brandenburg.de\/wp-content\/uploads\/2020\/02\/Landqultour2019_Anton_Rau_1024x517.jpg","articleSection":["Slider"],"inLanguage":"de"},{"@type":"WebPage","@id":"https:\/\/nnm-brandenburg.de\/index.php\/2022\/06\/27\/landqultour-2022\/","url":"https:\/\/nnm-brandenburg.de\/index.php\/2022\/06\/27\/landqultour-2022\/","name":"LandQultour 2022 - netzwerk neue musik brandenburg","isPartOf":{"@id":"https:\/\/nnm-brandenburg.de\/#website"},"primaryImageOfPage":{"@id":"https:\/\/nnm-brandenburg.de\/index.php\/2022\/06\/27\/landqultour-2022\/#primaryimage"},"image":{"@id":"https:\/\/nnm-brandenburg.de\/index.php\/2022\/06\/27\/landqultour-2022\/#primaryimage"},"thumbnailUrl":"https:\/\/nnm-brandenburg.de\/wp-content\/uploads\/2020\/02\/Landqultour2019_Anton_Rau_1024x517.jpg","datePublished":"2022-06-27T10:27:51+00:00","dateModified":"2022-08-16T11:33:58+00:00","breadcrumb":{"@id":"https:\/\/nnm-brandenburg.de\/index.php\/2022\/06\/27\/landqultour-2022\/#breadcrumb"},"inLanguage":"de","potentialAction":[{"@type":"ReadAction","target":["https:\/\/nnm-brandenburg.de\/index.php\/2022\/06\/27\/landqultour-2022\/"]}]},{"@type":"ImageObject","inLanguage":"de","@id":"https:\/\/nnm-brandenburg.de\/index.php\/2022\/06\/27\/landqultour-2022\/#primaryimage","url":"https:\/\/nnm-brandenburg.de\/wp-content\/uploads\/2020\/02\/Landqultour2019_Anton_Rau_1024x517.jpg","contentUrl":"https:\/\/nnm-brandenburg.de\/wp-content\/uploads\/2020\/02\/Landqultour2019_Anton_Rau_1024x517.jpg","width":999,"height":504},{"@type":"BreadcrumbList","@id":"https:\/\/nnm-brandenburg.de\/index.php\/2022\/06\/27\/landqultour-2022\/#breadcrumb","itemListElement":[{"@type":"ListItem","position":1,"name":"Startseite","item":"https:\/\/nnm-brandenburg.de\/"},{"@type":"ListItem","position":2,"name":"LandQultour 2022"}]},{"@type":"WebSite","@id":"https:\/\/nnm-brandenburg.de\/#website","url":"https:\/\/nnm-brandenburg.de\/","name":"Netzwerk Neue Musik Brandenburg","description":"Eine Initiative des Landesmusikrates Brandenburg","publisher":{"@id":"https:\/\/nnm-brandenburg.de\/#organization"},"potentialAction":[{"@type":"SearchAction","target":{"@type":"EntryPoint","urlTemplate":"https:\/\/nnm-brandenburg.de\/?s={search_term_string}"},"query-input":{"@type":"PropertyValueSpecification","valueRequired":true,"valueName":"search_term_string"}}],"inLanguage":"de"},{"@type":"Organization","@id":"https:\/\/nnm-brandenburg.de\/#organization","name":"Netzwerk Neue Musik Brandenburg","url":"https:\/\/nnm-brandenburg.de\/","logo":{"@type":"ImageObject","inLanguage":"de","@id":"https:\/\/nnm-brandenburg.de\/#\/schema\/logo\/image\/","url":"https:\/\/nnm-brandenburg.de\/nnm\/wp-content\/uploads\/2020\/02\/lmr_logo_sign_vorn.png","contentUrl":"https:\/\/nnm-brandenburg.de\/nnm\/wp-content\/uploads\/2020\/02\/lmr_logo_sign_vorn.png","width":1920,"height":472,"caption":"Netzwerk Neue Musik Brandenburg"},"image":{"@id":"https:\/\/nnm-brandenburg.de\/#\/schema\/logo\/image\/"}},{"@type":"Person","@id":"https:\/\/nnm-brandenburg.de\/#\/schema\/person\/dda75919782f3771ae7a590f1a485e01","name":"nnm-brandenburg","image":{"@type":"ImageObject","inLanguage":"de","@id":"https:\/\/secure.gravatar.com\/avatar\/858ac0bd57fdf6c6f3e07e733fd2c7d92ea75b75e4984b37615b0a62b044e513?s=96&d=mm&r=g","url":"https:\/\/secure.gravatar.com\/avatar\/858ac0bd57fdf6c6f3e07e733fd2c7d92ea75b75e4984b37615b0a62b044e513?s=96&d=mm&r=g","contentUrl":"https:\/\/secure.gravatar.com\/avatar\/858ac0bd57fdf6c6f3e07e733fd2c7d92ea75b75e4984b37615b0a62b044e513?s=96&d=mm&r=g","caption":"nnm-brandenburg"}}]}},"publishpress_future_action":{"enabled":false,"date":"2026-05-05 20:43:47","action":"change-status","newStatus":"draft","terms":[],"taxonomy":"category","extraData":[]},"publishpress_future_workflow_manual_trigger":{"enabledWorkflows":[]},"_links":{"self":[{"href":"https:\/\/nnm-brandenburg.de\/index.php\/wp-json\/wp\/v2\/posts\/5735","targetHints":{"allow":["GET"]}}],"collection":[{"href":"https:\/\/nnm-brandenburg.de\/index.php\/wp-json\/wp\/v2\/posts"}],"about":[{"href":"https:\/\/nnm-brandenburg.de\/index.php\/wp-json\/wp\/v2\/types\/post"}],"author":[{"embeddable":true,"href":"https:\/\/nnm-brandenburg.de\/index.php\/wp-json\/wp\/v2\/users\/1"}],"replies":[{"embeddable":true,"href":"https:\/\/nnm-brandenburg.de\/index.php\/wp-json\/wp\/v2\/comments?post=5735"}],"version-history":[{"count":5,"href":"https:\/\/nnm-brandenburg.de\/index.php\/wp-json\/wp\/v2\/posts\/5735\/revisions"}],"predecessor-version":[{"id":5815,"href":"https:\/\/nnm-brandenburg.de\/index.php\/wp-json\/wp\/v2\/posts\/5735\/revisions\/5815"}],"wp:featuredmedia":[{"embeddable":true,"href":"https:\/\/nnm-brandenburg.de\/index.php\/wp-json\/wp\/v2\/media\/3336"}],"wp:attachment":[{"href":"https:\/\/nnm-brandenburg.de\/index.php\/wp-json\/wp\/v2\/media?parent=5735"}],"wp:term":[{"taxonomy":"category","embeddable":true,"href":"https:\/\/nnm-brandenburg.de\/index.php\/wp-json\/wp\/v2\/categories?post=5735"},{"taxonomy":"post_tag","embeddable":true,"href":"https:\/\/nnm-brandenburg.de\/index.php\/wp-json\/wp\/v2\/tags?post=5735"}],"curies":[{"name":"wp","href":"https:\/\/api.w.org\/{rel}","templated":true}]}}