{"id":5831,"date":"2022-07-05T14:39:05","date_gmt":"2022-07-05T12:39:05","guid":{"rendered":"https:\/\/nnm-brandenburg.de\/nnm\/?p=5831"},"modified":"2022-08-22T14:52:52","modified_gmt":"2022-08-22T12:52:52","slug":"das-waren-die-3-klanglandschaften-muehlenbeck-i-hobrechtsfelde","status":"publish","type":"post","link":"https:\/\/nnm-brandenburg.de\/index.php\/2022\/07\/05\/das-waren-die-3-klanglandschaften-muehlenbeck-i-hobrechtsfelde\/","title":{"rendered":"Das waren die \u201c3. Klanglandschaften: M\u00fchlenbeck I Hobrechtsfelde\u201d"},"content":{"rendered":"\n<p class=\"has-text-align-left has-normal-font-size\"><strong>Ein Fes\u00adti\u00adval in Zei\u00adten des Klimawandels<\/strong><\/p>\n\n\n\n<!--more-->\n\n\n\n<p>24. Juni \u2014 Summ\u00adter&nbsp;See<\/p>\n\n\n\n<div class=\"alignnormal\"><div id=\"metaslider-id-5846\" style=\"max-width: 800px;\" class=\"ml-slider-3-108-0 metaslider metaslider-flex metaslider-5846 ml-slider has-dots-nav ms-theme-default\" role=\"region\" aria-label=\"24. Juni - Summter See 3. Klanglandschaften: M\u00fchlenbeck I Hobrechtsfelde\" data-height=\"400\" data-width=\"800\">\n    <div id=\"metaslider_container_5846\">\n        <div id=\"metaslider_5846\">\n            <ul class=\"slides\">\n                <li style=\"display: block; width: 100%;\" class=\"slide-5847 ms-image \" aria-roledescription=\"slide\" data-date=\"2022-08-22 13:48:20\" data-filename=\"24.6.-1-Klangaktion-Totholz-von-Peter-Koesheghy-u.a.-mit-Philipp-Schmitt-Foto-Gisela-Nauck-800x400.jpg\" data-slide-type=\"image\"><img decoding=\"async\" src=\"https:\/\/nnm-brandenburg.de\/wp-content\/uploads\/2022\/08\/24.6.-1-Klangaktion-Totholz-von-Peter-Koesheghy-u.a.-mit-Philipp-Schmitt-Foto-Gisela-Nauck-800x400.jpg\" height=\"400\" width=\"800\" alt=\"24.6.-1-Klangaktion-Totholz-von-Peter-Koesheghy-u.a.-mit-Philipp-Schmitt-Foto-Gisela-Nauck\" class=\"slider-5846 slide-5847 msDefaultImage\" title=\"24.6.-1-Klangaktion-Totholz-von-Peter-Koesheghy-u.a.-mit-Philipp-Schmitt-Foto-Gisela-Nauck\"><\/li>\n                <li style=\"display: none; width: 100%;\" class=\"slide-5855 ms-image \" aria-roledescription=\"slide\" data-date=\"2022-08-22 13:48:23\" data-filename=\"24.6.-2-Klangaktion-Totholz-von-Peter-Koesheghy-u.a.-mit-Jasper-Ubben-Foto-Gisela-Nauck-800x400.jpg\" data-slide-type=\"image\"><img decoding=\"async\" src=\"https:\/\/nnm-brandenburg.de\/wp-content\/uploads\/2022\/08\/24.6.-2-Klangaktion-Totholz-von-Peter-Koesheghy-u.a.-mit-Jasper-Ubben-Foto-Gisela-Nauck-800x400.jpg\" height=\"400\" width=\"800\" alt class=\"slider-5846 slide-5855 msDefaultImage\" title=\"24.6.-2-Klangaktion-Totholz-von-Peter-Koesheghy-u.a.-mit-Jasper-Ubben-Foto-Gisela-Nauck\"><\/li>\n                <li style=\"display: none; width: 100%;\" class=\"slide-5856 ms-image \" aria-roledescription=\"slide\" data-date=\"2022-08-22 13:48:24\" data-filename=\"24.6.-3-Klangaktion-Totholz-von-Peter-Koesheghy-u.a.-mit-Taiko-Saito-Foto-Gisela-Nauck-800x400.jpg\" data-slide-type=\"image\"><img decoding=\"async\" src=\"https:\/\/nnm-brandenburg.de\/wp-content\/uploads\/2022\/08\/24.6.-3-Klangaktion-Totholz-von-Peter-Koesheghy-u.a.-mit-Taiko-Saito-Foto-Gisela-Nauck-800x400.jpg\" height=\"400\" width=\"800\" alt class=\"slider-5846 slide-5856 msDefaultImage\" title=\"24.6.-3-Klangaktion-Totholz-von-Peter-Koesheghy-u.a.-mit-Taiko-Saito-Foto-Gisela-Nauck\"><\/li>\n                <li style=\"display: none; width: 100%;\" class=\"slide-5849 ms-image \" aria-roledescription=\"slide\" data-date=\"2022-08-22 13:48:21\" data-filename=\"24.6.-4-Klangaktion-Totholz-Foto-Ofek-Haim-800x400.jpg\" data-slide-type=\"image\"><img decoding=\"async\" src=\"https:\/\/nnm-brandenburg.de\/wp-content\/uploads\/2022\/08\/24.6.-4-Klangaktion-Totholz-Foto-Ofek-Haim-800x400.jpg\" height=\"400\" width=\"800\" alt class=\"slider-5846 slide-5849 msDefaultImage\" title=\"24.6.-4-Klangaktion-Totholz-Foto-Ofek-Haim\"><\/li>\n                <li style=\"display: none; width: 100%;\" class=\"slide-5854 ms-image \" aria-roledescription=\"slide\" data-date=\"2022-08-22 13:48:23\" data-filename=\"24.6.-5-Konzert-mit-dem-Kammerorchester-der-Leo-Kestenberg-Musikschule-am-Summter-See-Foto-Gisela-Nauck-800x400.jpg\" data-slide-type=\"image\"><img decoding=\"async\" src=\"https:\/\/nnm-brandenburg.de\/wp-content\/uploads\/2022\/08\/24.6.-5-Konzert-mit-dem-Kammerorchester-der-Leo-Kestenberg-Musikschule-am-Summter-See-Foto-Gisela-Nauck-800x400.jpg\" height=\"400\" width=\"800\" alt class=\"slider-5846 slide-5854 msDefaultImage\" title=\"24.6.-5-Konzert-mit-dem-Kammerorchester-der-Leo-Kestenberg-Musikschule-am-Summter-See-Foto-Gisela-Nauck\"><\/li>\n                <li style=\"display: none; width: 100%;\" class=\"slide-5850 ms-image \" aria-roledescription=\"slide\" data-date=\"2022-08-22 13:48:22\" data-filename=\"24.6.-6-Konzert-mit-dem-Kammerorchester-der-Leo-Kestenberg-Musikschule-am-Summter-See-Foto-Ofek-Haim-800x400.jpg\" data-slide-type=\"image\"><img decoding=\"async\" src=\"https:\/\/nnm-brandenburg.de\/wp-content\/uploads\/2022\/08\/24.6.-6-Konzert-mit-dem-Kammerorchester-der-Leo-Kestenberg-Musikschule-am-Summter-See-Foto-Ofek-Haim-800x400.jpg\" height=\"400\" width=\"800\" alt class=\"slider-5846 slide-5850 msDefaultImage\" title=\"24.6.-6-Konzert-mit-dem-Kammerorchester-der-Leo-Kestenberg-Musikschule-am-Summter-See-Foto-Ofek-Haim\"><\/li>\n                <li style=\"display: none; width: 100%;\" class=\"slide-5848 ms-image \" aria-roledescription=\"slide\" data-date=\"2022-08-22 13:48:21\" data-filename=\"24.6.-7-Konzert-mit-dem-Kammerorchester-der-Leo-Kestenberg-Musikschule-am-Summter-See-Foto-Ofek-Haim-800x400.jpg\" data-slide-type=\"image\"><img decoding=\"async\" src=\"https:\/\/nnm-brandenburg.de\/wp-content\/uploads\/2022\/08\/24.6.-7-Konzert-mit-dem-Kammerorchester-der-Leo-Kestenberg-Musikschule-am-Summter-See-Foto-Ofek-Haim-800x400.jpg\" height=\"400\" width=\"800\" alt class=\"slider-5846 slide-5848 msDefaultImage\" title=\"24.6.-7-Konzert-mit-dem-Kammerorchester-der-Leo-Kestenberg-Musikschule-am-Summter-See-Foto-Ofek-Haim\"><\/li>\n                <li style=\"display: none; width: 100%;\" class=\"slide-5852 ms-image \" aria-roledescription=\"slide\" data-date=\"2022-08-22 13:48:22\" data-filename=\"24.6.-8-Konzert-mit-dem-Kammerorchester-der-Leo-Kestenberg-Musikschule-am-Summter-See-Foto-Ofek-Haim-800x400.jpg\" data-slide-type=\"image\"><img decoding=\"async\" src=\"https:\/\/nnm-brandenburg.de\/wp-content\/uploads\/2022\/08\/24.6.-8-Konzert-mit-dem-Kammerorchester-der-Leo-Kestenberg-Musikschule-am-Summter-See-Foto-Ofek-Haim-800x400.jpg\" height=\"400\" width=\"800\" alt class=\"slider-5846 slide-5852 msDefaultImage\" title=\"24.6.-8-Konzert-mit-dem-Kammerorchester-der-Leo-Kestenberg-Musikschule-am-Summter-See-Foto-Ofek-Haim\"><\/li>\n                <li style=\"display: none; width: 100%;\" class=\"slide-5851 ms-image \" aria-roledescription=\"slide\" data-date=\"2022-08-22 13:48:22\" data-filename=\"24.6.-9-Konzert-mit-dem-Kammerorchester-der-Leo-Kestenberg-Musikschule-am-Summter-See-Foto-Ofek-Haim-800x400.jpg\" data-slide-type=\"image\"><img decoding=\"async\" src=\"https:\/\/nnm-brandenburg.de\/wp-content\/uploads\/2022\/08\/24.6.-9-Konzert-mit-dem-Kammerorchester-der-Leo-Kestenberg-Musikschule-am-Summter-See-Foto-Ofek-Haim-800x400.jpg\" height=\"400\" width=\"800\" alt class=\"slider-5846 slide-5851 msDefaultImage\" title=\"24.6.-9-Konzert-mit-dem-Kammerorchester-der-Leo-Kestenberg-Musikschule-am-Summter-See-Foto-Ofek-Haim\"><\/li>\n                <li style=\"display: none; width: 100%;\" class=\"slide-5853 ms-image \" aria-roledescription=\"slide\" data-date=\"2022-08-22 13:48:23\" data-filename=\"24.6.-10-Konzert-mit-dem-Kammerorchester-der-Leo-Kestenberg-Musikschule-am-Summter-See-Foto-Ofek-Haim-800x400.jpg\" data-slide-type=\"image\"><img decoding=\"async\" src=\"https:\/\/nnm-brandenburg.de\/wp-content\/uploads\/2022\/08\/24.6.-10-Konzert-mit-dem-Kammerorchester-der-Leo-Kestenberg-Musikschule-am-Summter-See-Foto-Ofek-Haim-800x400.jpg\" height=\"400\" width=\"800\" alt class=\"slider-5846 slide-5853 msDefaultImage\" title=\"24.6.-10-Konzert-mit-dem-Kammerorchester-der-Leo-Kestenberg-Musikschule-am-Summter-See-Foto-Ofek-Haim\"><\/li>\n            <\/ul>\n        <\/div>\n        \n    <\/div>\n<\/div><\/div>\n\n\n\n<p>25. Juni \u2014 M\u00fchlenbeck<\/p>\n\n\n\n<div class=\"alignnormal\"><div id=\"metaslider-id-5879\" style=\"max-width: 800px;\" class=\"ml-slider-3-108-0 metaslider metaslider-flex metaslider-5879 ml-slider has-dots-nav ms-theme-default\" role=\"region\" aria-label=\"25. Juni - M\u00fchlenbeck 3. Klanglandschaften: M\u00fchlenbeck I Hobrechtsfelde\" data-height=\"400\" data-width=\"800\">\n    <div id=\"metaslider_container_5879\">\n        <div id=\"metaslider_5879\">\n            <ul class=\"slides\">\n                <li style=\"display: block; width: 100%;\" class=\"slide-5880 ms-image \" aria-roledescription=\"slide\" data-date=\"2022-08-22 14:20:42\" data-filename=\"25.6.-1-Vortrag-Marvin-Gabriel-Foto-Ofek-Haim-800x400.jpg\" data-slide-type=\"image\"><img decoding=\"async\" src=\"https:\/\/nnm-brandenburg.de\/wp-content\/uploads\/2022\/08\/25.6.-1-Vortrag-Marvin-Gabriel-Foto-Ofek-Haim-800x400.jpg\" height=\"400\" width=\"800\" alt class=\"slider-5879 slide-5880 msDefaultImage\" title=\"25.6. 1 Vortrag Marvin Gabriel (Foto Ofek Haim)\"><\/li>\n                <li style=\"display: none; width: 100%;\" class=\"slide-5899 ms-image \" aria-roledescription=\"slide\" data-date=\"2022-08-22 14:20:46\" data-filename=\"25.6.-2-Publikum-Foto-Ofek-Haim-800x400.jpg\" data-slide-type=\"image\"><img decoding=\"async\" src=\"https:\/\/nnm-brandenburg.de\/wp-content\/uploads\/2022\/08\/25.6.-2-Publikum-Foto-Ofek-Haim-800x400.jpg\" height=\"400\" width=\"800\" alt class=\"slider-5879 slide-5899 msDefaultImage\" title=\"25.6. 2 Publikum (Foto Ofek Haim\"><\/li>\n                <li style=\"display: none; width: 100%;\" class=\"slide-5898 ms-image \" aria-roledescription=\"slide\" data-date=\"2022-08-22 14:20:46\" data-filename=\"25.6.-3-Hoerparcours-KNM-Berlin-Julio-Estrada-solo-fuer-einen-alls-tutti-Foto-Ofek-Haim-800x400.jpg\" data-slide-type=\"image\"><img decoding=\"async\" src=\"https:\/\/nnm-brandenburg.de\/wp-content\/uploads\/2022\/08\/25.6.-3-Hoerparcours-KNM-Berlin-Julio-Estrada-solo-fuer-einen-alls-tutti-Foto-Ofek-Haim-800x400.jpg\" height=\"400\" width=\"800\" alt class=\"slider-5879 slide-5898 msDefaultImage\" title=\"25.6. 3 H\u00f6rparcours KNM Berlin, Julio Estrada solo f\u00fcr einen alls tutti (Foto Ofek Haim)\"><\/li>\n                <li style=\"display: none; width: 100%;\" class=\"slide-5897 ms-image \" aria-roledescription=\"slide\" data-date=\"2022-08-22 14:20:45\" data-filename=\"25.6.-4-Hoerparcours-KNM-Berlin-Julio-Estrada-solo-fuer-einen-alls-tutti-Foto-Ofek-Haim--800x400.jpg\" data-slide-type=\"image\"><img decoding=\"async\" src=\"https:\/\/nnm-brandenburg.de\/wp-content\/uploads\/2022\/08\/25.6.-4-Hoerparcours-KNM-Berlin-Julio-Estrada-solo-fuer-einen-alls-tutti-Foto-Ofek-Haim--800x400.jpg\" height=\"400\" width=\"800\" alt class=\"slider-5879 slide-5897 msDefaultImage\" title=\"25.6. 4 H\u00f6rparcours KNM Berlin, Julio Estrada solo f\u00fcr einen alls tutti (Foto Ofek Haim)\"><\/li>\n                <li style=\"display: none; width: 100%;\" class=\"slide-5896 ms-image \" aria-roledescription=\"slide\" data-date=\"2022-08-22 14:20:45\" data-filename=\"25.6.-5-Hoerparcours-KNM-Berlin-Foto-Ofek-Haim-800x400.jpg\" data-slide-type=\"image\"><img decoding=\"async\" src=\"https:\/\/nnm-brandenburg.de\/wp-content\/uploads\/2022\/08\/25.6.-5-Hoerparcours-KNM-Berlin-Foto-Ofek-Haim-800x400.jpg\" height=\"400\" width=\"800\" alt class=\"slider-5879 slide-5896 msDefaultImage\" title=\"25.6. 5 H\u00f6rparcours KNM Berlin (Foto Ofek Haim\"><\/li>\n                <li style=\"display: none; width: 100%;\" class=\"slide-5895 ms-image \" aria-roledescription=\"slide\" data-date=\"2022-08-22 14:20:45\" data-filename=\"25.6.-6-Hoerparcours-KNM-Berlin-Foto-Ofek-Haim-800x400.jpg\" data-slide-type=\"image\"><img decoding=\"async\" src=\"https:\/\/nnm-brandenburg.de\/wp-content\/uploads\/2022\/08\/25.6.-6-Hoerparcours-KNM-Berlin-Foto-Ofek-Haim-800x400.jpg\" height=\"400\" width=\"800\" alt class=\"slider-5879 slide-5895 msDefaultImage\" title=\"25.6. 6 H\u00f6rparcours KNM Berlin (Foto Ofek Haim\"><\/li>\n                <li style=\"display: none; width: 100%;\" class=\"slide-5894 ms-image \" aria-roledescription=\"slide\" data-date=\"2022-08-22 14:20:45\" data-filename=\"25.6.-7-Hoerparcours-KNM-Berlin-Foto-Ofek-Haim-800x400.jpg\" data-slide-type=\"image\"><img decoding=\"async\" src=\"https:\/\/nnm-brandenburg.de\/wp-content\/uploads\/2022\/08\/25.6.-7-Hoerparcours-KNM-Berlin-Foto-Ofek-Haim-800x400.jpg\" height=\"400\" width=\"800\" alt class=\"slider-5879 slide-5894 msDefaultImage\" title=\"25.6. 7 H\u00f6rparcours KNM Berlin (Foto Ofek Haim)\"><\/li>\n                <li style=\"display: none; width: 100%;\" class=\"slide-5893 ms-image \" aria-roledescription=\"slide\" data-date=\"2022-08-22 14:20:45\" data-filename=\"25.6.-8-Hoerparcours-KNM-Berlin-Foto-Ofek-Haim-800x400.jpg\" data-slide-type=\"image\"><img decoding=\"async\" src=\"https:\/\/nnm-brandenburg.de\/wp-content\/uploads\/2022\/08\/25.6.-8-Hoerparcours-KNM-Berlin-Foto-Ofek-Haim-800x400.jpg\" height=\"400\" width=\"800\" alt class=\"slider-5879 slide-5893 msDefaultImage\" title=\"25.6. 8 H\u00f6rparcours KNM Berlin (Foto Ofek Haim\"><\/li>\n                <li style=\"display: none; width: 100%;\" class=\"slide-5892 ms-image \" aria-roledescription=\"slide\" data-date=\"2022-08-22 14:20:45\" data-filename=\"25.6.-9-Hoerparcours-KNM-Berlin-Farzia-Fallah-15-Skulpturen-Foto-Ofek-Haim-800x400.jpg\" data-slide-type=\"image\"><img decoding=\"async\" src=\"https:\/\/nnm-brandenburg.de\/wp-content\/uploads\/2022\/08\/25.6.-9-Hoerparcours-KNM-Berlin-Farzia-Fallah-15-Skulpturen-Foto-Ofek-Haim-800x400.jpg\" height=\"400\" width=\"800\" alt class=\"slider-5879 slide-5892 msDefaultImage\" title=\"25.6. 9 H\u00f6rparcours KNM Berlin, Farzia Fallah 15 Skulpturen (Foto Ofek Haim)\"><\/li>\n                <li style=\"display: none; width: 100%;\" class=\"slide-5891 ms-image \" aria-roledescription=\"slide\" data-date=\"2022-08-22 14:20:44\" data-filename=\"25.6.-10-Hoerparcours-KNM-Berlin-Farzia-Fallah-15-Skulpturen-Foto-Ofek-Haim-800x400.jpg\" data-slide-type=\"image\"><img decoding=\"async\" src=\"https:\/\/nnm-brandenburg.de\/wp-content\/uploads\/2022\/08\/25.6.-10-Hoerparcours-KNM-Berlin-Farzia-Fallah-15-Skulpturen-Foto-Ofek-Haim-800x400.jpg\" height=\"400\" width=\"800\" alt class=\"slider-5879 slide-5891 msDefaultImage\" title=\"25.6. 10 H\u00f6rparcours KNM Berlin, Farzia Fallah 15 Skulpturen (Foto Ofek Haim)\"><\/li>\n                <li style=\"display: none; width: 100%;\" class=\"slide-5890 ms-image \" aria-roledescription=\"slide\" data-date=\"2022-08-22 14:20:44\" data-filename=\"25.6.-11-Hoerparcours-KNM-Berlin-Farzia-Fallah-15-Skulpturen-Foto-Ofek-Haim-800x400.jpg\" data-slide-type=\"image\"><img decoding=\"async\" src=\"https:\/\/nnm-brandenburg.de\/wp-content\/uploads\/2022\/08\/25.6.-11-Hoerparcours-KNM-Berlin-Farzia-Fallah-15-Skulpturen-Foto-Ofek-Haim-800x400.jpg\" height=\"400\" width=\"800\" alt class=\"slider-5879 slide-5890 msDefaultImage\" title=\"25.6. 11 H\u00f6rparcours KNM Berlin, Farzia Fallah 15 Skulpturen (Foto Ofek Haim)\"><\/li>\n                <li style=\"display: none; width: 100%;\" class=\"slide-5889 ms-image \" aria-roledescription=\"slide\" data-date=\"2022-08-22 14:20:44\" data-filename=\"25.6.-12-Hoerparcours-KNM-Berlin-Thomas-Mae6owcraft-Acre-Blocks-Foto-Ofek-Haim-800x400.jpg\" data-slide-type=\"image\"><img decoding=\"async\" src=\"https:\/\/nnm-brandenburg.de\/wp-content\/uploads\/2022\/08\/25.6.-12-Hoerparcours-KNM-Berlin-Thomas-Mae6owcraft-Acre-Blocks-Foto-Ofek-Haim-800x400.jpg\" height=\"400\" width=\"800\" alt class=\"slider-5879 slide-5889 msDefaultImage\" title=\"25.6. 12 H\u00f6rparcours KNM Berlin Thomas Mae6owcraft Acre Blocks (Foto Ofek Haim\"><\/li>\n                <li style=\"display: none; width: 100%;\" class=\"slide-5888 ms-image \" aria-roledescription=\"slide\" data-date=\"2022-08-22 14:20:44\" data-filename=\"25.6.-13-Hoerparcours-KNM-Berlin-Foto-Ofek-Haim-800x400.jpg\" data-slide-type=\"image\"><img decoding=\"async\" src=\"https:\/\/nnm-brandenburg.de\/wp-content\/uploads\/2022\/08\/25.6.-13-Hoerparcours-KNM-Berlin-Foto-Ofek-Haim-800x400.jpg\" height=\"400\" width=\"800\" alt class=\"slider-5879 slide-5888 msDefaultImage\" title=\"25.6. 13 H\u00f6rparcours KNM Berlin (Foto Ofek Haim\"><\/li>\n                <li style=\"display: none; width: 100%;\" class=\"slide-5887 ms-image \" aria-roledescription=\"slide\" data-date=\"2022-08-22 14:20:44\" data-filename=\"25.6.-14-Hoerparcours-KNM-Berlin-Carola-Bauckholt-Doppelbeleichtung-Foto-Ofek-Haim-800x400.jpg\" data-slide-type=\"image\"><img decoding=\"async\" src=\"https:\/\/nnm-brandenburg.de\/wp-content\/uploads\/2022\/08\/25.6.-14-Hoerparcours-KNM-Berlin-Carola-Bauckholt-Doppelbeleichtung-Foto-Ofek-Haim-800x400.jpg\" height=\"400\" width=\"800\" alt class=\"slider-5879 slide-5887 msDefaultImage\" title=\"25.6. 14 H\u00f6rparcours KNM Berlin Carola Bauckholt Doppelbeleichtung (Foto Ofek Haim\"><\/li>\n                <li style=\"display: none; width: 100%;\" class=\"slide-5886 ms-image \" aria-roledescription=\"slide\" data-date=\"2022-08-22 14:20:43\" data-filename=\"25.6.-15-Hoerparcours-KNM-Berlin-Caola-Baucckholt-Doppelbelichtung-Foto-Ofek-Haim-800x400.jpg\" data-slide-type=\"image\"><img decoding=\"async\" src=\"https:\/\/nnm-brandenburg.de\/wp-content\/uploads\/2022\/08\/25.6.-15-Hoerparcours-KNM-Berlin-Caola-Baucckholt-Doppelbelichtung-Foto-Ofek-Haim-800x400.jpg\" height=\"400\" width=\"800\" alt class=\"slider-5879 slide-5886 msDefaultImage\" title=\"25.6. 15 H\u00f6rparcours KNM Berlin, Caola Baucckholt Doppelbelichtung (Foto Ofek Haim\"><\/li>\n                <li style=\"display: none; width: 100%;\" class=\"slide-5885 ms-image \" aria-roledescription=\"slide\" data-date=\"2022-08-22 14:20:43\" data-filename=\"25.6.-16-Kirsten-Reese-Installation-Vom-Verschwinden-Foto-Gisela-Nauck-800x400.jpg\" data-slide-type=\"image\"><img decoding=\"async\" src=\"https:\/\/nnm-brandenburg.de\/wp-content\/uploads\/2022\/08\/25.6.-16-Kirsten-Reese-Installation-Vom-Verschwinden-Foto-Gisela-Nauck-800x400.jpg\" height=\"400\" width=\"800\" alt class=\"slider-5879 slide-5885 msDefaultImage\" title=\"25.6. 16 Kirsten Reese Installation Vom Verschwinden (Foto Gisela Nauck)\"><\/li>\n                <li style=\"display: none; width: 100%;\" class=\"slide-5884 ms-image \" aria-roledescription=\"slide\" data-date=\"2022-08-22 14:20:43\" data-filename=\"25.6.-17-Kirsten-Reese-Installation-Vom-Verschwinden-Foto-Ofek-Haim-800x400.jpg\" data-slide-type=\"image\"><img decoding=\"async\" src=\"https:\/\/nnm-brandenburg.de\/wp-content\/uploads\/2022\/08\/25.6.-17-Kirsten-Reese-Installation-Vom-Verschwinden-Foto-Ofek-Haim-800x400.jpg\" height=\"400\" width=\"800\" alt class=\"slider-5879 slide-5884 msDefaultImage\" title=\"25.6. 17 Kirsten Reese Installation Vom Verschwinden (Foto Ofek Haim))\"><\/li>\n                <li style=\"display: none; width: 100%;\" class=\"slide-5883 ms-image \" aria-roledescription=\"slide\" data-date=\"2022-08-22 14:20:43\" data-filename=\"25.6.-17-Kirsten-Reese-Installation-Vom-Verschwinden-Foto-Ofek-Haim-1-800x400.jpg\" data-slide-type=\"image\"><img decoding=\"async\" src=\"https:\/\/nnm-brandenburg.de\/wp-content\/uploads\/2022\/08\/25.6.-17-Kirsten-Reese-Installation-Vom-Verschwinden-Foto-Ofek-Haim-1-800x400.jpg\" height=\"400\" width=\"800\" alt class=\"slider-5879 slide-5883 msDefaultImage\" title=\"25.6. 17 Kirsten Reese Installation Vom Verschwinden (Foto Ofek Haim)\"><\/li>\n                <li style=\"display: none; width: 100%;\" class=\"slide-5882 ms-image \" aria-roledescription=\"slide\" data-date=\"2022-08-22 14:20:43\" data-filename=\"25.6.-18-Musikalische-Lesung-Ulrike-DraesnerPaul-Huebner-Foto-Ofek-Haim-1-800x400.jpg\" data-slide-type=\"image\"><img decoding=\"async\" src=\"https:\/\/nnm-brandenburg.de\/wp-content\/uploads\/2022\/08\/25.6.-18-Musikalische-Lesung-Ulrike-DraesnerPaul-Huebner-Foto-Ofek-Haim-1-800x400.jpg\" height=\"400\" width=\"800\" alt class=\"slider-5879 slide-5882 msDefaultImage\" title=\"25.6. 18 Musikalische Lesung Ulrike DraesnerPaul H\u00fcbner (Foto Ofek Haim) (1)\"><\/li>\n                <li style=\"display: none; width: 100%;\" class=\"slide-5881 ms-image \" aria-roledescription=\"slide\" data-date=\"2022-08-22 14:20:43\" data-filename=\"25.6.-19-Musikalische-Lesung-Ulrike-DraesnerPaul-Huebner-Foto-Ofek-Haim-2-800x400.jpg\" data-slide-type=\"image\"><img decoding=\"async\" src=\"https:\/\/nnm-brandenburg.de\/wp-content\/uploads\/2022\/08\/25.6.-19-Musikalische-Lesung-Ulrike-DraesnerPaul-Huebner-Foto-Ofek-Haim-2-800x400.jpg\" height=\"400\" width=\"800\" alt class=\"slider-5879 slide-5881 msDefaultImage\" title=\"25.6. 19 Musikalische Lesung Ulrike DraesnerPaul H\u00fcbner (Foto Ofek Haim) (2)\"><\/li>\n                <li style=\"display: none; width: 100%;\" class=\"slide-5951 ms-image \" aria-roledescription=\"slide\" data-date=\"2022-08-23 12:31:57\" data-filename=\"25.6.-1-Dorflandschaftskomposition-klang.wandel-Modul-1-von-Ralf-Hoyer-mit-dem-JBO-Kleinmachnow-im-Dorfkern-Muehlenbeck-Foto-Ofek-Haim-800x400.jpg\" data-slide-type=\"image\"><img decoding=\"async\" src=\"https:\/\/nnm-brandenburg.de\/wp-content\/uploads\/2022\/08\/25.6.-1-Dorflandschaftskomposition-klang.wandel-Modul-1-von-Ralf-Hoyer-mit-dem-JBO-Kleinmachnow-im-Dorfkern-Muehlenbeck-Foto-Ofek-Haim-800x400.jpg\" height=\"400\" width=\"800\" alt class=\"slider-5879 slide-5951 msDefaultImage\" title=\"25.6. 1 - Dorflandschaftskomposition klang.wandel, Modul 1, von Ralf Hoyer mit dem JBO Kleinmachnow im Dorfkern M\u00fchlenbeck (Foto Ofek Haim)\"><\/li>\n                <li style=\"display: none; width: 100%;\" class=\"slide-5952 ms-image \" aria-roledescription=\"slide\" data-date=\"2022-08-23 12:31:57\" data-filename=\"25.6.-2-Dorflandschaftskomposition-klang.wandel-Modul-1-von-Ralf-Hoyer-mit-dem-JBO-Kleinmachnow-im-Dorfkern-Muehlenbeck-Foto-Ofek-Haim-800x400.jpg\" data-slide-type=\"image\"><img decoding=\"async\" src=\"https:\/\/nnm-brandenburg.de\/wp-content\/uploads\/2022\/08\/25.6.-2-Dorflandschaftskomposition-klang.wandel-Modul-1-von-Ralf-Hoyer-mit-dem-JBO-Kleinmachnow-im-Dorfkern-Muehlenbeck-Foto-Ofek-Haim-800x400.jpg\" height=\"400\" width=\"800\" alt class=\"slider-5879 slide-5952 msDefaultImage\" title=\"25.6. 2 - Dorflandschaftskomposition klang.wandel, Modul 1, von Ralf Hoyer mit dem JBO Kleinmachnow im Dorfkern M\u00fchlenbeck (Foto Ofek Haim)\"><\/li>\n                <li style=\"display: none; width: 100%;\" class=\"slide-5953 ms-image \" aria-roledescription=\"slide\" data-date=\"2022-08-23 12:31:57\" data-filename=\"25.6.-3-Dorflandschaftskomposition-klang.wandel-Modul-1-von-Ralf-Hoyer-mit-dem-JBO-Kleinmachnow-im-Dorfkern-Muehlenbeck-Foto-Gisela-Nauck-800x400.jpg\" data-slide-type=\"image\"><img decoding=\"async\" src=\"https:\/\/nnm-brandenburg.de\/wp-content\/uploads\/2022\/08\/25.6.-3-Dorflandschaftskomposition-klang.wandel-Modul-1-von-Ralf-Hoyer-mit-dem-JBO-Kleinmachnow-im-Dorfkern-Muehlenbeck-Foto-Gisela-Nauck-800x400.jpg\" height=\"400\" width=\"800\" alt class=\"slider-5879 slide-5953 msDefaultImage\" title=\"25.6. 3 - Dorflandschaftskomposition klang.wandel, Modul 1, von Ralf Hoyer mit dem JBO Kleinmachnow im Dorfkern M\u00fchlenbeck (Foto Gisela Nauck)\"><\/li>\n                <li style=\"display: none; width: 100%;\" class=\"slide-5954 ms-image \" aria-roledescription=\"slide\" data-date=\"2022-08-23 12:31:57\" data-filename=\"25.6.-4-Dorflandschaftskomposition-klang.wandel-Modul-1-von-Ralf-Hoyer-mit-dem-JBO-Kleinmachnow-im-Dorfkern-Muehlenbeck-Foto-Ofek-Haim-800x400.jpg\" data-slide-type=\"image\"><img decoding=\"async\" src=\"https:\/\/nnm-brandenburg.de\/wp-content\/uploads\/2022\/08\/25.6.-4-Dorflandschaftskomposition-klang.wandel-Modul-1-von-Ralf-Hoyer-mit-dem-JBO-Kleinmachnow-im-Dorfkern-Muehlenbeck-Foto-Ofek-Haim-800x400.jpg\" height=\"400\" width=\"800\" alt class=\"slider-5879 slide-5954 msDefaultImage\" title=\"25.6. 4 - Dorflandschaftskomposition klang.wandel, Modul 1, von Ralf Hoyer mit dem JBO Kleinmachnow im Dorfkern M\u00fchlenbeck (Foto Ofek Haim)\"><\/li>\n                <li style=\"display: none; width: 100%;\" class=\"slide-5955 ms-image \" aria-roledescription=\"slide\" data-date=\"2022-08-23 12:31:57\" data-filename=\"25.6.-5-Dorflandschaftskomposition-klang.wandel-Modul-1-von-Ralf-Hoyer-mit-dem-JBO-Kleinmachnow-im-Dorfkern-Muehlenbeck-Foto-Ofek-Haim-800x400.jpg\" data-slide-type=\"image\"><img decoding=\"async\" src=\"https:\/\/nnm-brandenburg.de\/wp-content\/uploads\/2022\/08\/25.6.-5-Dorflandschaftskomposition-klang.wandel-Modul-1-von-Ralf-Hoyer-mit-dem-JBO-Kleinmachnow-im-Dorfkern-Muehlenbeck-Foto-Ofek-Haim-800x400.jpg\" height=\"400\" width=\"800\" alt class=\"slider-5879 slide-5955 msDefaultImage\" title=\"25.6. 5 - Dorflandschaftskomposition klang.wandel, Modul 1, von Ralf Hoyer mit dem JBO Kleinmachnow im Dorfkern M\u00fchlenbeck (Foto Ofek Haim)\"><\/li>\n                <li style=\"display: none; width: 100%;\" class=\"slide-5956 ms-image \" aria-roledescription=\"slide\" data-date=\"2022-08-23 12:31:57\" data-filename=\"25.6.-6-Dorflandschaftskomposition-klang.wandel-Modul-1-von-Ralf-Hoyer-mit-dem-JBO-Kleinmachnow-im-Dorfkern-Muehlenbeck-Foto-Ofek-Haim-800x400.jpg\" data-slide-type=\"image\"><img decoding=\"async\" src=\"https:\/\/nnm-brandenburg.de\/wp-content\/uploads\/2022\/08\/25.6.-6-Dorflandschaftskomposition-klang.wandel-Modul-1-von-Ralf-Hoyer-mit-dem-JBO-Kleinmachnow-im-Dorfkern-Muehlenbeck-Foto-Ofek-Haim-800x400.jpg\" height=\"400\" width=\"800\" alt class=\"slider-5879 slide-5956 msDefaultImage\" title=\"25.6. 6 - Dorflandschaftskomposition klang.wandel, Modul 1, von Ralf Hoyer mit dem JBO Kleinmachnow im Dorfkern M\u00fchlenbeck (Foto Ofek Haim)\"><\/li>\n                <li style=\"display: none; width: 100%;\" class=\"slide-5957 ms-image \" aria-roledescription=\"slide\" data-date=\"2022-08-23 12:31:58\" data-filename=\"25.6.-7-Dorflandschaftskomposition-klang.wandel-Modul-5-von-Ralf-Hoyer-mit-dem-JBO-Kleinmachnow-im-Dorfkern-Muehlenbeck-Foto-Ofek-Haim-800x400.jpg\" data-slide-type=\"image\"><img decoding=\"async\" src=\"https:\/\/nnm-brandenburg.de\/wp-content\/uploads\/2022\/08\/25.6.-7-Dorflandschaftskomposition-klang.wandel-Modul-5-von-Ralf-Hoyer-mit-dem-JBO-Kleinmachnow-im-Dorfkern-Muehlenbeck-Foto-Ofek-Haim-800x400.jpg\" height=\"400\" width=\"800\" alt class=\"slider-5879 slide-5957 msDefaultImage\" title=\"25.6. 7 - Dorflandschaftskomposition klang.wandel, Modul 5, von Ralf Hoyer mit dem JBO Kleinmachnow im Dorfkern M\u00fchlenbeck (Foto Ofek Haim)\"><\/li>\n                <li style=\"display: none; width: 100%;\" class=\"slide-5958 ms-image \" aria-roledescription=\"slide\" data-date=\"2022-08-23 12:31:58\" data-filename=\"25.6.-8-Dorflandschaftskomposition-klang.wandel-Modul-1-von-Ralf-Hoyer-mit-dem-JBO-Kleinmachnow-im-Dorfkern-Muehlenbeck-Foto-Ofek-Haim-800x400.jpg\" data-slide-type=\"image\"><img decoding=\"async\" src=\"https:\/\/nnm-brandenburg.de\/wp-content\/uploads\/2022\/08\/25.6.-8-Dorflandschaftskomposition-klang.wandel-Modul-1-von-Ralf-Hoyer-mit-dem-JBO-Kleinmachnow-im-Dorfkern-Muehlenbeck-Foto-Ofek-Haim-800x400.jpg\" height=\"400\" width=\"800\" alt class=\"slider-5879 slide-5958 msDefaultImage\" title=\"25.6. 8 - Dorflandschaftskomposition klang.wandel, Modul 1, von Ralf Hoyer mit dem JBO Kleinmachnow im Dorfkern M\u00fchlenbeck (Foto Ofek Haim)\"><\/li>\n                <li style=\"display: none; width: 100%;\" class=\"slide-5959 ms-image \" aria-roledescription=\"slide\" data-date=\"2022-08-23 12:31:58\" data-filename=\"25.6.-8a-Dorflandschaftskomposition-klang.wandel-Modul-1-von-Ralf-Hoyer-mit-dem-JBO-Kleinmachnow-im-Dorfkern-Muehlenbeck-Foto-Ofek-Haim-800x400.jpg\" data-slide-type=\"image\"><img decoding=\"async\" src=\"https:\/\/nnm-brandenburg.de\/wp-content\/uploads\/2022\/08\/25.6.-8a-Dorflandschaftskomposition-klang.wandel-Modul-1-von-Ralf-Hoyer-mit-dem-JBO-Kleinmachnow-im-Dorfkern-Muehlenbeck-Foto-Ofek-Haim-800x400.jpg\" height=\"400\" width=\"800\" alt class=\"slider-5879 slide-5959 msDefaultImage\" title=\"25.6. 8a- Dorflandschaftskomposition klang.wandel, Modul 1, von Ralf Hoyer mit dem JBO Kleinmachnow im Dorfkern M\u00fchlenbeck (Foto Ofek Haim\"><\/li>\n                <li style=\"display: none; width: 100%;\" class=\"slide-5970 ms-image \" aria-roledescription=\"slide\" data-date=\"2022-08-23 12:38:10\" data-filename=\"25.6.-10-Dorflandschaftskomposition-klang.wandel-Modul-1-von-Ralf-Hoyer-mit-dem-JBO-Kleinmachnow-im-Dorfkern-Muehlenbeck-Foto-Ofek-Haim-800x400.jpg\" data-slide-type=\"image\"><img decoding=\"async\" src=\"https:\/\/nnm-brandenburg.de\/wp-content\/uploads\/2022\/08\/25.6.-10-Dorflandschaftskomposition-klang.wandel-Modul-1-von-Ralf-Hoyer-mit-dem-JBO-Kleinmachnow-im-Dorfkern-Muehlenbeck-Foto-Ofek-Haim-800x400.jpg\" height=\"400\" width=\"800\" alt class=\"slider-5879 slide-5970 msDefaultImage\" title=\"25.6. 10 - Dorflandschaftskomposition klang.wandel, Modul 1, von Ralf Hoyer mit dem JBO Kleinmachnow im Dorfkern M\u00fchlenbeck (Foto Ofek Haim\"><\/li>\n            <\/ul>\n        <\/div>\n        \n    <\/div>\n<\/div><\/div>\n\n\n\n<p>26. Juni Hobrechtsfelde<\/p>\n\n\n\n<div class=\"alignnormal\"><div id=\"metaslider-id-5901\" style=\"max-width: 800px;\" class=\"ml-slider-3-108-0 metaslider metaslider-flex metaslider-5901 ml-slider has-dots-nav ms-theme-default\" role=\"region\" aria-label=\"26. Juni Hobrechtsfelde - M\u00fchlenbeck 3. Klanglandschaften: M\u00fchlenbeck I Hobrechtsfelde\" data-height=\"400\" data-width=\"800\">\n    <div id=\"metaslider_container_5901\">\n        <div id=\"metaslider_5901\">\n            <ul class=\"slides\">\n                <li style=\"display: block; width: 100%;\" class=\"slide-5912 ms-image \" aria-roledescription=\"slide\" data-date=\"2022-08-22 14:34:54\" data-filename=\"26.6.-1-Sandeep-Bhagwati-Zwitschermusik-Foto-Gisela-Nauck-800x400.jpg\" data-slide-type=\"image\"><img decoding=\"async\" src=\"https:\/\/nnm-brandenburg.de\/wp-content\/uploads\/2022\/08\/26.6.-1-Sandeep-Bhagwati-Zwitschermusik-Foto-Gisela-Nauck-800x400.jpg\" height=\"400\" width=\"800\" alt class=\"slider-5901 slide-5912 msDefaultImage\" title=\"26.6. 1 Sandeep Bhagwati Zwitschermusik (Foto Gisela Nauck)\"><\/li>\n                <li style=\"display: none; width: 100%;\" class=\"slide-5913 ms-image \" aria-roledescription=\"slide\" data-date=\"2022-08-22 14:35:02\" data-filename=\"26.6.-2-Sandeep-Bhagwati-Zwitschermusik-Foto-Gisela-Nauck-800x400.jpg\" data-slide-type=\"image\"><img decoding=\"async\" src=\"https:\/\/nnm-brandenburg.de\/wp-content\/uploads\/2022\/08\/26.6.-2-Sandeep-Bhagwati-Zwitschermusik-Foto-Gisela-Nauck-800x400.jpg\" height=\"400\" width=\"800\" alt class=\"slider-5901 slide-5913 msDefaultImage\" title=\"26.6. 2 Sandeep Bhagwati Zwitschermusik Foto Gisela Nauck\"><\/li>\n                <li style=\"display: none; width: 100%;\" class=\"slide-5914 ms-image \" aria-roledescription=\"slide\" data-date=\"2022-08-22 14:35:09\" data-filename=\"26.6.-3-Sandeep-Bhagwati-Zwitschermusik-Foto-Gisela-Nauck-800x400.jpg\" data-slide-type=\"image\"><img decoding=\"async\" src=\"https:\/\/nnm-brandenburg.de\/wp-content\/uploads\/2022\/08\/26.6.-3-Sandeep-Bhagwati-Zwitschermusik-Foto-Gisela-Nauck-800x400.jpg\" height=\"400\" width=\"800\" alt class=\"slider-5901 slide-5914 msDefaultImage\" title=\"26.6. 3 Sandeep Bhagwati Zwitschermusik (Foto Gisela Nauck)\"><\/li>\n                <li style=\"display: none; width: 100%;\" class=\"slide-5915 ms-image \" aria-roledescription=\"slide\" data-date=\"2022-08-22 14:35:14\" data-filename=\"26.6.-4-Sandeep-Bhagwati-Zwitschermusik-Foto-Ofek-Haim-800x400.jpg\" data-slide-type=\"image\"><img decoding=\"async\" src=\"https:\/\/nnm-brandenburg.de\/wp-content\/uploads\/2022\/08\/26.6.-4-Sandeep-Bhagwati-Zwitschermusik-Foto-Ofek-Haim-800x400.jpg\" height=\"400\" width=\"800\" alt class=\"slider-5901 slide-5915 msDefaultImage\" title=\"26.6. 4 Sandeep Bhagwati Zwitschermusik (Foto Ofek Haim)\"><\/li>\n                <li style=\"display: none; width: 100%;\" class=\"slide-5916 ms-image \" aria-roledescription=\"slide\" data-date=\"2022-08-22 14:35:21\" data-filename=\"26.6.-5-Sandeep-Bhagwati-Zwitschermusik-Foto-Ofek-Haim-800x400.jpg\" data-slide-type=\"image\"><img decoding=\"async\" src=\"https:\/\/nnm-brandenburg.de\/wp-content\/uploads\/2022\/08\/26.6.-5-Sandeep-Bhagwati-Zwitschermusik-Foto-Ofek-Haim-800x400.jpg\" height=\"400\" width=\"800\" alt class=\"slider-5901 slide-5916 msDefaultImage\" title=\"26.6. 5 Sandeep Bhagwati Zwitschermusik (Foto Ofek Haim)\"><\/li>\n                <li style=\"display: none; width: 100%;\" class=\"slide-5920 ms-image \" aria-roledescription=\"slide\" data-date=\"2022-08-22 14:36:49\" data-filename=\"26.6.-6-Insektenfuehrung-durch-die-renaturierten-Rieselfelder-zur-Sechsfuesslermusik-von-Sandeep-Bhagwati-Foto-Gisela-Nauck-800x400.jpg\" data-slide-type=\"image\"><img decoding=\"async\" src=\"https:\/\/nnm-brandenburg.de\/wp-content\/uploads\/2022\/08\/26.6.-6-Insektenfuehrung-durch-die-renaturierten-Rieselfelder-zur-Sechsfuesslermusik-von-Sandeep-Bhagwati-Foto-Gisela-Nauck-800x400.jpg\" height=\"400\" width=\"800\" alt class=\"slider-5901 slide-5920 msDefaultImage\" title=\"26.6. 6 Insektenf\u00fchrung durch die renaturierten Rieselfelder zur Sechsf\u00fc\u00dflermusik von Sandeep Bhagwati (Foto Gisela Nauck)\"><\/li>\n                <li style=\"display: none; width: 100%;\" class=\"slide-5921 ms-image \" aria-roledescription=\"slide\" data-date=\"2022-08-22 14:36:59\" data-filename=\"26.6.-7-Sechsfuesslermusik-von-Sandeep-Bhagwati-Foto-Gisela-Nauck-800x400.jpg\" data-slide-type=\"image\"><img decoding=\"async\" src=\"https:\/\/nnm-brandenburg.de\/wp-content\/uploads\/2022\/08\/26.6.-7-Sechsfuesslermusik-von-Sandeep-Bhagwati-Foto-Gisela-Nauck-800x400.jpg\" height=\"400\" width=\"800\" alt class=\"slider-5901 slide-5921 msDefaultImage\" title=\"26.6. 7 Sechsf\u00fc\u00dflermusik von Sandeep Bhagwati, (Foto Gisela Nauck)\"><\/li>\n                <li style=\"display: none; width: 100%;\" class=\"slide-5924 ms-image \" aria-roledescription=\"slide\" data-date=\"2022-08-22 14:40:07\" data-filename=\"26.6.-8-Sechsfuesslermusik-von-Sandeep-Bhagwati-Foto-Gisela-Nauck-800x400.jpg\" data-slide-type=\"image\"><img decoding=\"async\" src=\"https:\/\/nnm-brandenburg.de\/wp-content\/uploads\/2022\/08\/26.6.-8-Sechsfuesslermusik-von-Sandeep-Bhagwati-Foto-Gisela-Nauck-800x400.jpg\" height=\"400\" width=\"800\" alt class=\"slider-5901 slide-5924 msDefaultImage\" title=\"26.6. 8 Sechsf\u00fc\u00dflermusik von Sandeep Bhagwati, (Foto Gisela Nauck)\"><\/li>\n                <li style=\"display: none; width: 100%;\" class=\"slide-5925 ms-image \" aria-roledescription=\"slide\" data-date=\"2022-08-22 14:40:13\" data-filename=\"26.6.-8-Sechsfuesslermusik-von-Sandeep-Bhagwati-Foto-Ofek-Haim-800x400.jpg\" data-slide-type=\"image\"><img decoding=\"async\" src=\"https:\/\/nnm-brandenburg.de\/wp-content\/uploads\/2022\/08\/26.6.-8-Sechsfuesslermusik-von-Sandeep-Bhagwati-Foto-Ofek-Haim-800x400.jpg\" height=\"400\" width=\"800\" alt class=\"slider-5901 slide-5925 msDefaultImage\" title=\"26.6. 8 Sechsf\u00fc\u00dflermusik von Sandeep Bhagwati, (Foto Ofek Haim)\"><\/li>\n                <li style=\"display: none; width: 100%;\" class=\"slide-5929 ms-image \" aria-roledescription=\"slide\" data-date=\"2022-08-22 14:45:14\" data-filename=\"26.6.-10a-Sechsfuesslermusik-von-Sandeep-Bhagwati-Foto-Gisela-Nauck-800x400.jpg\" data-slide-type=\"image\"><img decoding=\"async\" src=\"https:\/\/nnm-brandenburg.de\/wp-content\/uploads\/2022\/08\/26.6.-10a-Sechsfuesslermusik-von-Sandeep-Bhagwati-Foto-Gisela-Nauck-800x400.jpg\" height=\"400\" width=\"800\" alt class=\"slider-5901 slide-5929 msDefaultImage\" title=\"26.6. 10a Sechsf\u00fc\u00dflermusik von Sandeep Bhagwati, (Foto Gisela Nauck)\"><\/li>\n                <li style=\"display: none; width: 100%;\" class=\"slide-5932 ms-image \" aria-roledescription=\"slide\" data-date=\"2022-08-22 14:48:07\" data-filename=\"26.6.-11-Sechsfuesslermusik-von-Sandeep-Bhagwati-Foto-Ofek-Haim-800x400.jpg\" data-slide-type=\"image\"><img decoding=\"async\" src=\"https:\/\/nnm-brandenburg.de\/wp-content\/uploads\/2022\/08\/26.6.-11-Sechsfuesslermusik-von-Sandeep-Bhagwati-Foto-Ofek-Haim-800x400.jpg\" height=\"400\" width=\"800\" alt class=\"slider-5901 slide-5932 msDefaultImage\" title=\"26.6. 11 Sechsf\u00fc\u00dflermusik von Sandeep Bhagwati, (Foto Ofek Haim)\"><\/li>\n                <li style=\"display: none; width: 100%;\" class=\"slide-5934 ms-image \" aria-roledescription=\"slide\" data-date=\"2022-08-22 14:48:14\" data-filename=\"26.6.-12-Sechsfuesslermusik-von-Sandeep-Bhagwati-Foto-Ofek-Haim-800x400.jpg\" data-slide-type=\"image\"><img decoding=\"async\" src=\"https:\/\/nnm-brandenburg.de\/wp-content\/uploads\/2022\/08\/26.6.-12-Sechsfuesslermusik-von-Sandeep-Bhagwati-Foto-Ofek-Haim-800x400.jpg\" height=\"400\" width=\"800\" alt class=\"slider-5901 slide-5934 msDefaultImage\" title=\"26.6. 12 Sechsf\u00fc\u00dflermusik von Sandeep Bhagwati, (Foto Ofek Haim)\"><\/li>\n                <li style=\"display: none; width: 100%;\" class=\"slide-5936 ms-image \" aria-roledescription=\"slide\" data-date=\"2022-08-22 14:48:45\" data-filename=\"26.6.-13-Abschlusskonzert-Carolin-Widmann-Foto-Ofek-Haim-800x400.jpg\" data-slide-type=\"image\"><img decoding=\"async\" src=\"https:\/\/nnm-brandenburg.de\/wp-content\/uploads\/2022\/08\/26.6.-13-Abschlusskonzert-Carolin-Widmann-Foto-Ofek-Haim-800x400.jpg\" height=\"400\" width=\"800\" alt class=\"slider-5901 slide-5936 msDefaultImage\" title=\"26.6. 13 Abschlusskonzert Carolin Widmann (Foto Ofek Haim)\"><\/li>\n                <li style=\"display: none; width: 100%;\" class=\"slide-5937 ms-image \" aria-roledescription=\"slide\" data-date=\"2022-08-22 14:48:48\" data-filename=\"26.6.-14-Abschlusskonzert-Carolin-Widmann-Foto-Gisela-Nauck-800x400.jpg\" data-slide-type=\"image\"><img decoding=\"async\" src=\"https:\/\/nnm-brandenburg.de\/wp-content\/uploads\/2022\/08\/26.6.-14-Abschlusskonzert-Carolin-Widmann-Foto-Gisela-Nauck-800x400.jpg\" height=\"400\" width=\"800\" alt class=\"slider-5901 slide-5937 msDefaultImage\" title=\"26.6. 14 Abschlusskonzert Carolin Widmann (Foto Gisela Nauck)\"><\/li>\n                <li style=\"display: none; width: 100%;\" class=\"slide-5939 ms-image \" aria-roledescription=\"slide\" data-date=\"2022-08-22 14:50:05\" data-filename=\"26.6.-15-Abschlusskonzert-Carolin-Widmann-Foto-Ofek-Haim-800x400.jpg\" data-slide-type=\"image\"><img decoding=\"async\" src=\"https:\/\/nnm-brandenburg.de\/wp-content\/uploads\/2022\/08\/26.6.-15-Abschlusskonzert-Carolin-Widmann-Foto-Ofek-Haim-800x400.jpg\" height=\"400\" width=\"800\" alt class=\"slider-5901 slide-5939 msDefaultImage\" title=\"26.6. 15 Abschlusskonzert Carolin Widmann (Foto Ofek Haim\"><\/li>\n            <\/ul>\n        <\/div>\n        \n    <\/div>\n<\/div><\/div>\n\n\n\n<hr class=\"wp-block-separator has-alpha-channel-opacity\">\n\n\n\n<p><strong>Ver\u00adan\u00adstal\u00adter:<\/strong> Pro\u00adjekt\u00adgrup\u00adpe Musik im F\u00f6r\u00adder\u00adver\u00adein Natur\u00adpark Bar\u00adnim e.V.: Dr. Gise\u00adla Nauck (Pro\u00adjekt\u00adlei\u00adtung + k\u00fcnst\u00adle\u00adri\u00adsche Lei\u00adtung), Nina Roh\u00adlfs (k\u00fcnst\u00adle\u00adri\u00adsche Lei\u00adtung), Dag Loh\u00adde (Gesch\u00e4fts\u00adf\u00fch\u00adrung + Pro\u00adduk\u00adti\u00adons\u00adlei\u00adtung), Paul H\u00fcb\u00adner (k\u00fcnst\u00adle\u00adri\u00adsche Lei\u00adtung), Johan\u00adna Mad\u00adden (Pro\u00adduk\u00adti\u00adons\u00adlei\u00adtung). Uli Aum\u00fcl\u00adler (Pro\u00adgramm\u00adkon\u00adzept Hob\u00adrechts\u00adfel\u00adde), Elke Molt\u00adrecht (Orga\u00adni\u00adsa\u00adti\u00adon Stu\u00adden\u00adten\u00adpro\u00adjekt Hobrechtsfelde)<strong><em><\/em><\/strong><\/p>\n\n\n\n<p><br>Wei\u00adte\u00adre Infor\u00adma\u00adtio\u00adnen &amp; Tickets unter:&nbsp;<a href=\"https:\/\/www.klanglandschaften.eu\/seite\/435884\/service.html\" target=\"_blank\" rel=\"noreferrer noopener\">Klang\u00adland\u00adschaf\u00adten<\/a><\/p>\n\n\n\n<hr class=\"wp-block-separator has-css-opacity\">\n\n\n\n<p>Foto \u00a9 Gise\u00adla&nbsp;Nauck<\/p>\n\n\n\n<div style=\"height:150px\" aria-hidden=\"true\" class=\"wp-block-spacer\"><\/div>\n","protected":false},"excerpt":{"rendered":"<p>Ein Fes\u00adti\u00adval in Zei\u00adten des Klimawandels<\/p>\n","protected":false},"author":1,"featured_media":5662,"comment_status":"closed","ping_status":"closed","sticky":false,"template":"","format":"standard","meta":{"wp_typography_post_enhancements_disabled":false,"footnotes":""},"categories":[6],"tags":[],"class_list":["post-5831","post","type-post","status-publish","format-standard","has-post-thumbnail","hentry","category-slider"],"yoast_head":"<!-- This site is optimized with the Yoast SEO plugin v27.5 - https:\/\/yoast.com\/product\/yoast-seo-wordpress\/ -->\n<title>Das waren die &quot;3. Klanglandschaften: M\u00fchlenbeck I Hobrechtsfelde&quot; - netzwerk neue musik brandenburg<\/title>\n<meta name=\"robots\" content=\"index, follow, max-snippet:-1, max-image-preview:large, max-video-preview:-1\" \/>\n<link rel=\"canonical\" href=\"https:\/\/nnm-brandenburg.de\/index.php\/2022\/07\/05\/das-waren-die-3-klanglandschaften-muehlenbeck-i-hobrechtsfelde\/\" \/>\n<meta property=\"og:locale\" content=\"de_DE\" \/>\n<meta property=\"og:type\" content=\"article\" \/>\n<meta property=\"og:title\" content=\"Das waren die &quot;3. Klanglandschaften: M\u00fchlenbeck I Hobrechtsfelde&quot; - netzwerk neue musik brandenburg\" \/>\n<meta property=\"og:description\" content=\"Ein Fes\u00adti\u00adval in Zei\u00adten des Klimawandels\" \/>\n<meta property=\"og:url\" content=\"https:\/\/nnm-brandenburg.de\/index.php\/2022\/07\/05\/das-waren-die-3-klanglandschaften-muehlenbeck-i-hobrechtsfelde\/\" \/>\n<meta property=\"og:site_name\" content=\"netzwerk neue musik brandenburg\" \/>\n<meta property=\"article:published_time\" content=\"2022-07-05T12:39:05+00:00\" \/>\n<meta property=\"article:modified_time\" content=\"2022-08-22T12:52:52+00:00\" \/>\n<meta property=\"og:image\" content=\"https:\/\/nnm-brandenburg.de\/wp-content\/uploads\/2022\/05\/Foto-PM-3.-Klanglandschaften-e1652785896301.jpg\" \/>\n\t<meta property=\"og:image:width\" content=\"800\" \/>\n\t<meta property=\"og:image:height\" content=\"577\" \/>\n\t<meta property=\"og:image:type\" content=\"image\/jpeg\" \/>\n<meta name=\"author\" content=\"nnm-brandenburg\" \/>\n<meta name=\"twitter:card\" content=\"summary_large_image\" \/>\n<meta name=\"twitter:label1\" content=\"Verfasst von\" \/>\n\t<meta name=\"twitter:data1\" content=\"nnm-brandenburg\" \/>\n\t<meta name=\"twitter:label2\" content=\"Gesch\u00e4tzte Lesezeit\" \/>\n\t<meta name=\"twitter:data2\" content=\"1\u00a0Minute\" \/>\n<script type=\"application\/ld+json\" class=\"yoast-schema-graph\">{\"@context\":\"https:\\\/\\\/schema.org\",\"@graph\":[{\"@type\":\"Article\",\"@id\":\"https:\\\/\\\/nnm-brandenburg.de\\\/index.php\\\/2022\\\/07\\\/05\\\/das-waren-die-3-klanglandschaften-muehlenbeck-i-hobrechtsfelde\\\/#article\",\"isPartOf\":{\"@id\":\"https:\\\/\\\/nnm-brandenburg.de\\\/index.php\\\/2022\\\/07\\\/05\\\/das-waren-die-3-klanglandschaften-muehlenbeck-i-hobrechtsfelde\\\/\"},\"author\":{\"name\":\"nnm-brandenburg\",\"@id\":\"https:\\\/\\\/nnm-brandenburg.de\\\/#\\\/schema\\\/person\\\/dda75919782f3771ae7a590f1a485e01\"},\"headline\":\"Das waren die \u201c3. Klanglandschaften: M\u00fchlenbeck I Hobrechtsfelde\u201d\",\"datePublished\":\"2022-07-05T12:39:05+00:00\",\"dateModified\":\"2022-08-22T12:52:52+00:00\",\"mainEntityOfPage\":{\"@id\":\"https:\\\/\\\/nnm-brandenburg.de\\\/index.php\\\/2022\\\/07\\\/05\\\/das-waren-die-3-klanglandschaften-muehlenbeck-i-hobrechtsfelde\\\/\"},\"wordCount\":90,\"publisher\":{\"@id\":\"https:\\\/\\\/nnm-brandenburg.de\\\/#organization\"},\"image\":{\"@id\":\"https:\\\/\\\/nnm-brandenburg.de\\\/index.php\\\/2022\\\/07\\\/05\\\/das-waren-die-3-klanglandschaften-muehlenbeck-i-hobrechtsfelde\\\/#primaryimage\"},\"thumbnailUrl\":\"https:\\\/\\\/nnm-brandenburg.de\\\/wp-content\\\/uploads\\\/2022\\\/05\\\/Foto-PM-3.-Klanglandschaften-e1652785896301.jpg\",\"articleSection\":[\"Slider\"],\"inLanguage\":\"de\"},{\"@type\":\"WebPage\",\"@id\":\"https:\\\/\\\/nnm-brandenburg.de\\\/index.php\\\/2022\\\/07\\\/05\\\/das-waren-die-3-klanglandschaften-muehlenbeck-i-hobrechtsfelde\\\/\",\"url\":\"https:\\\/\\\/nnm-brandenburg.de\\\/index.php\\\/2022\\\/07\\\/05\\\/das-waren-die-3-klanglandschaften-muehlenbeck-i-hobrechtsfelde\\\/\",\"name\":\"Das waren die \\\"3. Klanglandschaften: M\u00fchlenbeck I Hobrechtsfelde\\\" - netzwerk neue musik brandenburg\",\"isPartOf\":{\"@id\":\"https:\\\/\\\/nnm-brandenburg.de\\\/#website\"},\"primaryImageOfPage\":{\"@id\":\"https:\\\/\\\/nnm-brandenburg.de\\\/index.php\\\/2022\\\/07\\\/05\\\/das-waren-die-3-klanglandschaften-muehlenbeck-i-hobrechtsfelde\\\/#primaryimage\"},\"image\":{\"@id\":\"https:\\\/\\\/nnm-brandenburg.de\\\/index.php\\\/2022\\\/07\\\/05\\\/das-waren-die-3-klanglandschaften-muehlenbeck-i-hobrechtsfelde\\\/#primaryimage\"},\"thumbnailUrl\":\"https:\\\/\\\/nnm-brandenburg.de\\\/wp-content\\\/uploads\\\/2022\\\/05\\\/Foto-PM-3.-Klanglandschaften-e1652785896301.jpg\",\"datePublished\":\"2022-07-05T12:39:05+00:00\",\"dateModified\":\"2022-08-22T12:52:52+00:00\",\"breadcrumb\":{\"@id\":\"https:\\\/\\\/nnm-brandenburg.de\\\/index.php\\\/2022\\\/07\\\/05\\\/das-waren-die-3-klanglandschaften-muehlenbeck-i-hobrechtsfelde\\\/#breadcrumb\"},\"inLanguage\":\"de\",\"potentialAction\":[{\"@type\":\"ReadAction\",\"target\":[\"https:\\\/\\\/nnm-brandenburg.de\\\/index.php\\\/2022\\\/07\\\/05\\\/das-waren-die-3-klanglandschaften-muehlenbeck-i-hobrechtsfelde\\\/\"]}]},{\"@type\":\"ImageObject\",\"inLanguage\":\"de\",\"@id\":\"https:\\\/\\\/nnm-brandenburg.de\\\/index.php\\\/2022\\\/07\\\/05\\\/das-waren-die-3-klanglandschaften-muehlenbeck-i-hobrechtsfelde\\\/#primaryimage\",\"url\":\"https:\\\/\\\/nnm-brandenburg.de\\\/wp-content\\\/uploads\\\/2022\\\/05\\\/Foto-PM-3.-Klanglandschaften-e1652785896301.jpg\",\"contentUrl\":\"https:\\\/\\\/nnm-brandenburg.de\\\/wp-content\\\/uploads\\\/2022\\\/05\\\/Foto-PM-3.-Klanglandschaften-e1652785896301.jpg\",\"width\":800,\"height\":577},{\"@type\":\"BreadcrumbList\",\"@id\":\"https:\\\/\\\/nnm-brandenburg.de\\\/index.php\\\/2022\\\/07\\\/05\\\/das-waren-die-3-klanglandschaften-muehlenbeck-i-hobrechtsfelde\\\/#breadcrumb\",\"itemListElement\":[{\"@type\":\"ListItem\",\"position\":1,\"name\":\"Startseite\",\"item\":\"https:\\\/\\\/nnm-brandenburg.de\\\/\"},{\"@type\":\"ListItem\",\"position\":2,\"name\":\"Das waren die \u201c3. Klanglandschaften: M\u00fchlenbeck I Hobrechtsfelde\u201d\"}]},{\"@type\":\"WebSite\",\"@id\":\"https:\\\/\\\/nnm-brandenburg.de\\\/#website\",\"url\":\"https:\\\/\\\/nnm-brandenburg.de\\\/\",\"name\":\"Netzwerk Neue Musik Brandenburg\",\"description\":\"Eine Initiative des Landesmusikrates Brandenburg\",\"publisher\":{\"@id\":\"https:\\\/\\\/nnm-brandenburg.de\\\/#organization\"},\"potentialAction\":[{\"@type\":\"SearchAction\",\"target\":{\"@type\":\"EntryPoint\",\"urlTemplate\":\"https:\\\/\\\/nnm-brandenburg.de\\\/?s={search_term_string}\"},\"query-input\":{\"@type\":\"PropertyValueSpecification\",\"valueRequired\":true,\"valueName\":\"search_term_string\"}}],\"inLanguage\":\"de\"},{\"@type\":\"Organization\",\"@id\":\"https:\\\/\\\/nnm-brandenburg.de\\\/#organization\",\"name\":\"Netzwerk Neue Musik Brandenburg\",\"url\":\"https:\\\/\\\/nnm-brandenburg.de\\\/\",\"logo\":{\"@type\":\"ImageObject\",\"inLanguage\":\"de\",\"@id\":\"https:\\\/\\\/nnm-brandenburg.de\\\/#\\\/schema\\\/logo\\\/image\\\/\",\"url\":\"https:\\\/\\\/nnm-brandenburg.de\\\/nnm\\\/wp-content\\\/uploads\\\/2020\\\/02\\\/lmr_logo_sign_vorn.png\",\"contentUrl\":\"https:\\\/\\\/nnm-brandenburg.de\\\/nnm\\\/wp-content\\\/uploads\\\/2020\\\/02\\\/lmr_logo_sign_vorn.png\",\"width\":1920,\"height\":472,\"caption\":\"Netzwerk Neue Musik Brandenburg\"},\"image\":{\"@id\":\"https:\\\/\\\/nnm-brandenburg.de\\\/#\\\/schema\\\/logo\\\/image\\\/\"}},{\"@type\":\"Person\",\"@id\":\"https:\\\/\\\/nnm-brandenburg.de\\\/#\\\/schema\\\/person\\\/dda75919782f3771ae7a590f1a485e01\",\"name\":\"nnm-brandenburg\",\"image\":{\"@type\":\"ImageObject\",\"inLanguage\":\"de\",\"@id\":\"https:\\\/\\\/secure.gravatar.com\\\/avatar\\\/858ac0bd57fdf6c6f3e07e733fd2c7d92ea75b75e4984b37615b0a62b044e513?s=96&d=mm&r=g\",\"url\":\"https:\\\/\\\/secure.gravatar.com\\\/avatar\\\/858ac0bd57fdf6c6f3e07e733fd2c7d92ea75b75e4984b37615b0a62b044e513?s=96&d=mm&r=g\",\"contentUrl\":\"https:\\\/\\\/secure.gravatar.com\\\/avatar\\\/858ac0bd57fdf6c6f3e07e733fd2c7d92ea75b75e4984b37615b0a62b044e513?s=96&d=mm&r=g\",\"caption\":\"nnm-brandenburg\"}}]}<\/script>\n<!-- \/ Yoast SEO plugin. -->","yoast_head_json":{"title":"Das waren die \"3. Klanglandschaften: M\u00fchlenbeck I Hobrechtsfelde\" - netzwerk neue musik brandenburg","robots":{"index":"index","follow":"follow","max-snippet":"max-snippet:-1","max-image-preview":"max-image-preview:large","max-video-preview":"max-video-preview:-1"},"canonical":"https:\/\/nnm-brandenburg.de\/index.php\/2022\/07\/05\/das-waren-die-3-klanglandschaften-muehlenbeck-i-hobrechtsfelde\/","og_locale":"de_DE","og_type":"article","og_title":"Das waren die \"3. Klanglandschaften: M\u00fchlenbeck I Hobrechtsfelde\" - netzwerk neue musik brandenburg","og_description":"Ein Fes\u00adti\u00adval in Zei\u00adten des Klimawandels","og_url":"https:\/\/nnm-brandenburg.de\/index.php\/2022\/07\/05\/das-waren-die-3-klanglandschaften-muehlenbeck-i-hobrechtsfelde\/","og_site_name":"netzwerk neue musik brandenburg","article_published_time":"2022-07-05T12:39:05+00:00","article_modified_time":"2022-08-22T12:52:52+00:00","og_image":[{"width":800,"height":577,"url":"https:\/\/nnm-brandenburg.de\/wp-content\/uploads\/2022\/05\/Foto-PM-3.-Klanglandschaften-e1652785896301.jpg","type":"image\/jpeg"}],"author":"nnm-brandenburg","twitter_card":"summary_large_image","twitter_misc":{"Verfasst von":"nnm-brandenburg","Gesch\u00e4tzte Lesezeit":"1\u00a0Minute"},"schema":{"@context":"https:\/\/schema.org","@graph":[{"@type":"Article","@id":"https:\/\/nnm-brandenburg.de\/index.php\/2022\/07\/05\/das-waren-die-3-klanglandschaften-muehlenbeck-i-hobrechtsfelde\/#article","isPartOf":{"@id":"https:\/\/nnm-brandenburg.de\/index.php\/2022\/07\/05\/das-waren-die-3-klanglandschaften-muehlenbeck-i-hobrechtsfelde\/"},"author":{"name":"nnm-brandenburg","@id":"https:\/\/nnm-brandenburg.de\/#\/schema\/person\/dda75919782f3771ae7a590f1a485e01"},"headline":"Das waren die \u201c3. Klanglandschaften: M\u00fchlenbeck I Hobrechtsfelde\u201d","datePublished":"2022-07-05T12:39:05+00:00","dateModified":"2022-08-22T12:52:52+00:00","mainEntityOfPage":{"@id":"https:\/\/nnm-brandenburg.de\/index.php\/2022\/07\/05\/das-waren-die-3-klanglandschaften-muehlenbeck-i-hobrechtsfelde\/"},"wordCount":90,"publisher":{"@id":"https:\/\/nnm-brandenburg.de\/#organization"},"image":{"@id":"https:\/\/nnm-brandenburg.de\/index.php\/2022\/07\/05\/das-waren-die-3-klanglandschaften-muehlenbeck-i-hobrechtsfelde\/#primaryimage"},"thumbnailUrl":"https:\/\/nnm-brandenburg.de\/wp-content\/uploads\/2022\/05\/Foto-PM-3.-Klanglandschaften-e1652785896301.jpg","articleSection":["Slider"],"inLanguage":"de"},{"@type":"WebPage","@id":"https:\/\/nnm-brandenburg.de\/index.php\/2022\/07\/05\/das-waren-die-3-klanglandschaften-muehlenbeck-i-hobrechtsfelde\/","url":"https:\/\/nnm-brandenburg.de\/index.php\/2022\/07\/05\/das-waren-die-3-klanglandschaften-muehlenbeck-i-hobrechtsfelde\/","name":"Das waren die \"3. Klanglandschaften: M\u00fchlenbeck I Hobrechtsfelde\" - netzwerk neue musik brandenburg","isPartOf":{"@id":"https:\/\/nnm-brandenburg.de\/#website"},"primaryImageOfPage":{"@id":"https:\/\/nnm-brandenburg.de\/index.php\/2022\/07\/05\/das-waren-die-3-klanglandschaften-muehlenbeck-i-hobrechtsfelde\/#primaryimage"},"image":{"@id":"https:\/\/nnm-brandenburg.de\/index.php\/2022\/07\/05\/das-waren-die-3-klanglandschaften-muehlenbeck-i-hobrechtsfelde\/#primaryimage"},"thumbnailUrl":"https:\/\/nnm-brandenburg.de\/wp-content\/uploads\/2022\/05\/Foto-PM-3.-Klanglandschaften-e1652785896301.jpg","datePublished":"2022-07-05T12:39:05+00:00","dateModified":"2022-08-22T12:52:52+00:00","breadcrumb":{"@id":"https:\/\/nnm-brandenburg.de\/index.php\/2022\/07\/05\/das-waren-die-3-klanglandschaften-muehlenbeck-i-hobrechtsfelde\/#breadcrumb"},"inLanguage":"de","potentialAction":[{"@type":"ReadAction","target":["https:\/\/nnm-brandenburg.de\/index.php\/2022\/07\/05\/das-waren-die-3-klanglandschaften-muehlenbeck-i-hobrechtsfelde\/"]}]},{"@type":"ImageObject","inLanguage":"de","@id":"https:\/\/nnm-brandenburg.de\/index.php\/2022\/07\/05\/das-waren-die-3-klanglandschaften-muehlenbeck-i-hobrechtsfelde\/#primaryimage","url":"https:\/\/nnm-brandenburg.de\/wp-content\/uploads\/2022\/05\/Foto-PM-3.-Klanglandschaften-e1652785896301.jpg","contentUrl":"https:\/\/nnm-brandenburg.de\/wp-content\/uploads\/2022\/05\/Foto-PM-3.-Klanglandschaften-e1652785896301.jpg","width":800,"height":577},{"@type":"BreadcrumbList","@id":"https:\/\/nnm-brandenburg.de\/index.php\/2022\/07\/05\/das-waren-die-3-klanglandschaften-muehlenbeck-i-hobrechtsfelde\/#breadcrumb","itemListElement":[{"@type":"ListItem","position":1,"name":"Startseite","item":"https:\/\/nnm-brandenburg.de\/"},{"@type":"ListItem","position":2,"name":"Das waren die \u201c3. Klanglandschaften: M\u00fchlenbeck I Hobrechtsfelde\u201d"}]},{"@type":"WebSite","@id":"https:\/\/nnm-brandenburg.de\/#website","url":"https:\/\/nnm-brandenburg.de\/","name":"Netzwerk Neue Musik Brandenburg","description":"Eine Initiative des Landesmusikrates Brandenburg","publisher":{"@id":"https:\/\/nnm-brandenburg.de\/#organization"},"potentialAction":[{"@type":"SearchAction","target":{"@type":"EntryPoint","urlTemplate":"https:\/\/nnm-brandenburg.de\/?s={search_term_string}"},"query-input":{"@type":"PropertyValueSpecification","valueRequired":true,"valueName":"search_term_string"}}],"inLanguage":"de"},{"@type":"Organization","@id":"https:\/\/nnm-brandenburg.de\/#organization","name":"Netzwerk Neue Musik Brandenburg","url":"https:\/\/nnm-brandenburg.de\/","logo":{"@type":"ImageObject","inLanguage":"de","@id":"https:\/\/nnm-brandenburg.de\/#\/schema\/logo\/image\/","url":"https:\/\/nnm-brandenburg.de\/nnm\/wp-content\/uploads\/2020\/02\/lmr_logo_sign_vorn.png","contentUrl":"https:\/\/nnm-brandenburg.de\/nnm\/wp-content\/uploads\/2020\/02\/lmr_logo_sign_vorn.png","width":1920,"height":472,"caption":"Netzwerk Neue Musik Brandenburg"},"image":{"@id":"https:\/\/nnm-brandenburg.de\/#\/schema\/logo\/image\/"}},{"@type":"Person","@id":"https:\/\/nnm-brandenburg.de\/#\/schema\/person\/dda75919782f3771ae7a590f1a485e01","name":"nnm-brandenburg","image":{"@type":"ImageObject","inLanguage":"de","@id":"https:\/\/secure.gravatar.com\/avatar\/858ac0bd57fdf6c6f3e07e733fd2c7d92ea75b75e4984b37615b0a62b044e513?s=96&d=mm&r=g","url":"https:\/\/secure.gravatar.com\/avatar\/858ac0bd57fdf6c6f3e07e733fd2c7d92ea75b75e4984b37615b0a62b044e513?s=96&d=mm&r=g","contentUrl":"https:\/\/secure.gravatar.com\/avatar\/858ac0bd57fdf6c6f3e07e733fd2c7d92ea75b75e4984b37615b0a62b044e513?s=96&d=mm&r=g","caption":"nnm-brandenburg"}}]}},"publishpress_future_action":{"enabled":false,"date":"2026-05-05 22:07:06","action":"change-status","newStatus":"draft","terms":[],"taxonomy":"category","extraData":[]},"publishpress_future_workflow_manual_trigger":{"enabledWorkflows":[]},"_links":{"self":[{"href":"https:\/\/nnm-brandenburg.de\/index.php\/wp-json\/wp\/v2\/posts\/5831","targetHints":{"allow":["GET"]}}],"collection":[{"href":"https:\/\/nnm-brandenburg.de\/index.php\/wp-json\/wp\/v2\/posts"}],"about":[{"href":"https:\/\/nnm-brandenburg.de\/index.php\/wp-json\/wp\/v2\/types\/post"}],"author":[{"embeddable":true,"href":"https:\/\/nnm-brandenburg.de\/index.php\/wp-json\/wp\/v2\/users\/1"}],"replies":[{"embeddable":true,"href":"https:\/\/nnm-brandenburg.de\/index.php\/wp-json\/wp\/v2\/comments?post=5831"}],"version-history":[{"count":10,"href":"https:\/\/nnm-brandenburg.de\/index.php\/wp-json\/wp\/v2\/posts\/5831\/revisions"}],"predecessor-version":[{"id":5940,"href":"https:\/\/nnm-brandenburg.de\/index.php\/wp-json\/wp\/v2\/posts\/5831\/revisions\/5940"}],"wp:featuredmedia":[{"embeddable":true,"href":"https:\/\/nnm-brandenburg.de\/index.php\/wp-json\/wp\/v2\/media\/5662"}],"wp:attachment":[{"href":"https:\/\/nnm-brandenburg.de\/index.php\/wp-json\/wp\/v2\/media?parent=5831"}],"wp:term":[{"taxonomy":"category","embeddable":true,"href":"https:\/\/nnm-brandenburg.de\/index.php\/wp-json\/wp\/v2\/categories?post=5831"},{"taxonomy":"post_tag","embeddable":true,"href":"https:\/\/nnm-brandenburg.de\/index.php\/wp-json\/wp\/v2\/tags?post=5831"}],"curies":[{"name":"wp","href":"https:\/\/api.w.org\/{rel}","templated":true}]}}