{"id":6506,"date":"2023-07-13T13:16:34","date_gmt":"2023-07-13T11:16:34","guid":{"rendered":"https:\/\/nnm-brandenburg.de\/?p=6506"},"modified":"2023-07-13T13:16:38","modified_gmt":"2023-07-13T11:16:38","slug":"landqultour-2023","status":"publish","type":"post","link":"https:\/\/nnm-brandenburg.de\/index.php\/2023\/07\/13\/landqultour-2023\/","title":{"rendered":"LandQultour 2023"},"content":{"rendered":"\n<p class=\"has-text-align-left has-normal-font-size\"><strong>Ensem\u00adble Quil\u00adlo unter\u00adwegs in Brandenburg<\/strong><\/p>\n\n\n\n<!--more-->\n\n\n\n<p>Bran\u00adden\u00adburgs kleins\u00adte Kunst\u00adhal\u00adle zieht wie\u00adder durchs Land!<br>Im f\u00fcnf\u00adten Som\u00admer in Fol\u00adge zieht das Ensem\u00adble Quil\u00adlo<strong>&nbsp;<\/strong>auf sei\u00adner mobi\u00adlen B\u00fch\u00adne von Ort zu Ort durch den Nord\u00ados\u00adten Bran\u00adden\u00adburgs.&nbsp;An zehn Ter\u00admi\u00adnen klappt auf zehn unter\u00adschied\u00adli\u00adchen Pl\u00e4t\u00adzen der&nbsp;Land\u00adQul\u00adtour-Wagen der Quil\u00adlos auf und bie\u00adtet eine unge\u00adw\u00f6hn\u00adli\u00adche Begeg\u00adnung mit zeit\u00adge\u00adn\u00f6s\u00adsi\u00adscher Musik: bunt, sprit\u00adzig, kurzweilig.&nbsp;<\/p>\n\n\n\n<hr class=\"wp-block-separator has-alpha-channel-opacity\">\n\n\n\n<p>Ensem\u00adble Quil\u00adlo<strong>&nbsp;<\/strong><br>Ursu\u00adla Wei\u00adler: Fl\u00f6\u00adte&nbsp;<br>Lui\u00adse Rau: Cel\u00adlo&nbsp;<br>Dani\u00adel G\u00f6ritz: Gitar\u00adre&nbsp;<br>Max Ren\u00adne: Tasten<\/p>\n\n\n\n<hr class=\"wp-block-separator has-alpha-channel-opacity\">\n\n\n\n<p><strong>Die Ter\u00admi\u00adne:<\/strong><\/p>\n\n\n\n<p>17.8. \u2013 19 Uhr&nbsp;Fal\u00adken\u00adha\u00adgen | Dorfanger<\/p>\n\n\n\n<p>18.8.&nbsp;\u2013 19 Uhr Kraatz | Vor der Weinsch\u00e4nke&nbsp;<\/p>\n\n\n\n<p>19.8.&nbsp;\u2013 19 Uhr&nbsp;Gro\u00df D\u00f6lln | D\u00f6llnflie\u00df<\/p>\n\n\n\n<p>20.8.&nbsp;\u2013 19 Uhr&nbsp;Ebers\u00adwal\u00adde | Rofinpark<\/p>\n\n\n\n<p>25.8.&nbsp;\u2013 19 Uhr Anger\u00adm\u00fcn\u00adde |&nbsp;Jugendt\u00f6pferei&nbsp;<\/p>\n\n\n\n<p>26.8.&nbsp;\u2013 19 Uhr&nbsp;F\u00fcrs\u00adten\u00adwer\u00adder |&nbsp;Bade\u00adstel\u00adle am Gro\u00ad\u00dfen&nbsp;See&nbsp;<\/p>\n\n\n\n<p>27.8.&nbsp;\u2013 15 Uhr&nbsp;Boit\u00adzen\u00adburg&nbsp;Alte Feu\u00ader\u00adwa\u00adche | Touristinformation&nbsp;<\/p>\n\n\n\n<p>1.9.&nbsp;\u2013 19 Uhr&nbsp;Jagow | Im Pfarrgarten&nbsp;<\/p>\n\n\n\n<p>2.9.&nbsp;\u2013 18 Uhr&nbsp;Bat\u00adtin |&nbsp;Vor dem Gutshaus&nbsp;<\/p>\n\n\n\n<p>3.9.&nbsp;\u2013 14 Uhr Ora\u00adni\u00aden\u00adburg |&nbsp;Tr\u00e4um wei\u00adter Festival&nbsp;<\/p>\n\n\n\n<hr class=\"wp-block-separator has-css-opacity\">\n\n\n\n<p>Landqultour2019 \u00a9 Anton&nbsp;Rau&nbsp;<\/p>\n\n\n\n<div style=\"height:150px\" aria-hidden=\"true\" class=\"wp-block-spacer\"><\/div>\n","protected":false},"excerpt":{"rendered":"<p>Ensem\u00adble Quil\u00adlo unter\u00adwegs in Brandenburg<\/p>\n","protected":false},"author":1,"featured_media":3336,"comment_status":"closed","ping_status":"closed","sticky":false,"template":"","format":"standard","meta":{"wp_typography_post_enhancements_disabled":false,"footnotes":""},"categories":[6],"tags":[],"class_list":["post-6506","post","type-post","status-publish","format-standard","has-post-thumbnail","hentry","category-slider"],"yoast_head":"<!-- This site is optimized with the Yoast SEO plugin v27.5 - https:\/\/yoast.com\/product\/yoast-seo-wordpress\/ -->\n<title>LandQultour 2023 - netzwerk neue musik brandenburg<\/title>\n<meta name=\"robots\" content=\"index, follow, max-snippet:-1, max-image-preview:large, max-video-preview:-1\" \/>\n<link rel=\"canonical\" href=\"https:\/\/nnm-brandenburg.de\/index.php\/2023\/07\/13\/landqultour-2023\/\" \/>\n<meta property=\"og:locale\" content=\"de_DE\" \/>\n<meta property=\"og:type\" content=\"article\" \/>\n<meta property=\"og:title\" content=\"LandQultour 2023 - netzwerk neue musik brandenburg\" \/>\n<meta property=\"og:description\" content=\"Ensem\u00adble Quil\u00adlo unter\u00adwegs in Brandenburg\" \/>\n<meta property=\"og:url\" content=\"https:\/\/nnm-brandenburg.de\/index.php\/2023\/07\/13\/landqultour-2023\/\" \/>\n<meta property=\"og:site_name\" content=\"netzwerk neue musik brandenburg\" \/>\n<meta property=\"article:published_time\" content=\"2023-07-13T11:16:34+00:00\" \/>\n<meta property=\"article:modified_time\" content=\"2023-07-13T11:16:38+00:00\" \/>\n<meta property=\"og:image\" content=\"https:\/\/nnm-brandenburg.de\/wp-content\/uploads\/2020\/02\/Landqultour2019_Anton_Rau_1024x517.jpg\" \/>\n\t<meta property=\"og:image:width\" content=\"999\" \/>\n\t<meta property=\"og:image:height\" content=\"504\" \/>\n\t<meta property=\"og:image:type\" content=\"image\/jpeg\" \/>\n<meta name=\"author\" content=\"nnm-brandenburg\" \/>\n<meta name=\"twitter:card\" content=\"summary_large_image\" \/>\n<meta name=\"twitter:label1\" content=\"Verfasst von\" \/>\n\t<meta name=\"twitter:data1\" content=\"nnm-brandenburg\" \/>\n\t<meta name=\"twitter:label2\" content=\"Gesch\u00e4tzte Lesezeit\" \/>\n\t<meta name=\"twitter:data2\" content=\"1\u00a0Minute\" \/>\n<script type=\"application\/ld+json\" class=\"yoast-schema-graph\">{\"@context\":\"https:\\\/\\\/schema.org\",\"@graph\":[{\"@type\":\"Article\",\"@id\":\"https:\\\/\\\/nnm-brandenburg.de\\\/index.php\\\/2023\\\/07\\\/13\\\/landqultour-2023\\\/#article\",\"isPartOf\":{\"@id\":\"https:\\\/\\\/nnm-brandenburg.de\\\/index.php\\\/2023\\\/07\\\/13\\\/landqultour-2023\\\/\"},\"author\":{\"name\":\"nnm-brandenburg\",\"@id\":\"https:\\\/\\\/nnm-brandenburg.de\\\/#\\\/schema\\\/person\\\/dda75919782f3771ae7a590f1a485e01\"},\"headline\":\"LandQultour 2023\",\"datePublished\":\"2023-07-13T11:16:34+00:00\",\"dateModified\":\"2023-07-13T11:16:38+00:00\",\"mainEntityOfPage\":{\"@id\":\"https:\\\/\\\/nnm-brandenburg.de\\\/index.php\\\/2023\\\/07\\\/13\\\/landqultour-2023\\\/\"},\"wordCount\":135,\"publisher\":{\"@id\":\"https:\\\/\\\/nnm-brandenburg.de\\\/#organization\"},\"image\":{\"@id\":\"https:\\\/\\\/nnm-brandenburg.de\\\/index.php\\\/2023\\\/07\\\/13\\\/landqultour-2023\\\/#primaryimage\"},\"thumbnailUrl\":\"https:\\\/\\\/nnm-brandenburg.de\\\/wp-content\\\/uploads\\\/2020\\\/02\\\/Landqultour2019_Anton_Rau_1024x517.jpg\",\"articleSection\":[\"Slider\"],\"inLanguage\":\"de\"},{\"@type\":\"WebPage\",\"@id\":\"https:\\\/\\\/nnm-brandenburg.de\\\/index.php\\\/2023\\\/07\\\/13\\\/landqultour-2023\\\/\",\"url\":\"https:\\\/\\\/nnm-brandenburg.de\\\/index.php\\\/2023\\\/07\\\/13\\\/landqultour-2023\\\/\",\"name\":\"LandQultour 2023 - netzwerk neue musik brandenburg\",\"isPartOf\":{\"@id\":\"https:\\\/\\\/nnm-brandenburg.de\\\/#website\"},\"primaryImageOfPage\":{\"@id\":\"https:\\\/\\\/nnm-brandenburg.de\\\/index.php\\\/2023\\\/07\\\/13\\\/landqultour-2023\\\/#primaryimage\"},\"image\":{\"@id\":\"https:\\\/\\\/nnm-brandenburg.de\\\/index.php\\\/2023\\\/07\\\/13\\\/landqultour-2023\\\/#primaryimage\"},\"thumbnailUrl\":\"https:\\\/\\\/nnm-brandenburg.de\\\/wp-content\\\/uploads\\\/2020\\\/02\\\/Landqultour2019_Anton_Rau_1024x517.jpg\",\"datePublished\":\"2023-07-13T11:16:34+00:00\",\"dateModified\":\"2023-07-13T11:16:38+00:00\",\"breadcrumb\":{\"@id\":\"https:\\\/\\\/nnm-brandenburg.de\\\/index.php\\\/2023\\\/07\\\/13\\\/landqultour-2023\\\/#breadcrumb\"},\"inLanguage\":\"de\",\"potentialAction\":[{\"@type\":\"ReadAction\",\"target\":[\"https:\\\/\\\/nnm-brandenburg.de\\\/index.php\\\/2023\\\/07\\\/13\\\/landqultour-2023\\\/\"]}]},{\"@type\":\"ImageObject\",\"inLanguage\":\"de\",\"@id\":\"https:\\\/\\\/nnm-brandenburg.de\\\/index.php\\\/2023\\\/07\\\/13\\\/landqultour-2023\\\/#primaryimage\",\"url\":\"https:\\\/\\\/nnm-brandenburg.de\\\/wp-content\\\/uploads\\\/2020\\\/02\\\/Landqultour2019_Anton_Rau_1024x517.jpg\",\"contentUrl\":\"https:\\\/\\\/nnm-brandenburg.de\\\/wp-content\\\/uploads\\\/2020\\\/02\\\/Landqultour2019_Anton_Rau_1024x517.jpg\",\"width\":999,\"height\":504},{\"@type\":\"BreadcrumbList\",\"@id\":\"https:\\\/\\\/nnm-brandenburg.de\\\/index.php\\\/2023\\\/07\\\/13\\\/landqultour-2023\\\/#breadcrumb\",\"itemListElement\":[{\"@type\":\"ListItem\",\"position\":1,\"name\":\"Startseite\",\"item\":\"https:\\\/\\\/nnm-brandenburg.de\\\/\"},{\"@type\":\"ListItem\",\"position\":2,\"name\":\"LandQultour 2023\"}]},{\"@type\":\"WebSite\",\"@id\":\"https:\\\/\\\/nnm-brandenburg.de\\\/#website\",\"url\":\"https:\\\/\\\/nnm-brandenburg.de\\\/\",\"name\":\"Netzwerk Neue Musik Brandenburg\",\"description\":\"Eine Initiative des Landesmusikrates Brandenburg\",\"publisher\":{\"@id\":\"https:\\\/\\\/nnm-brandenburg.de\\\/#organization\"},\"potentialAction\":[{\"@type\":\"SearchAction\",\"target\":{\"@type\":\"EntryPoint\",\"urlTemplate\":\"https:\\\/\\\/nnm-brandenburg.de\\\/?s={search_term_string}\"},\"query-input\":{\"@type\":\"PropertyValueSpecification\",\"valueRequired\":true,\"valueName\":\"search_term_string\"}}],\"inLanguage\":\"de\"},{\"@type\":\"Organization\",\"@id\":\"https:\\\/\\\/nnm-brandenburg.de\\\/#organization\",\"name\":\"Netzwerk Neue Musik Brandenburg\",\"url\":\"https:\\\/\\\/nnm-brandenburg.de\\\/\",\"logo\":{\"@type\":\"ImageObject\",\"inLanguage\":\"de\",\"@id\":\"https:\\\/\\\/nnm-brandenburg.de\\\/#\\\/schema\\\/logo\\\/image\\\/\",\"url\":\"https:\\\/\\\/nnm-brandenburg.de\\\/nnm\\\/wp-content\\\/uploads\\\/2020\\\/02\\\/lmr_logo_sign_vorn.png\",\"contentUrl\":\"https:\\\/\\\/nnm-brandenburg.de\\\/nnm\\\/wp-content\\\/uploads\\\/2020\\\/02\\\/lmr_logo_sign_vorn.png\",\"width\":1920,\"height\":472,\"caption\":\"Netzwerk Neue Musik Brandenburg\"},\"image\":{\"@id\":\"https:\\\/\\\/nnm-brandenburg.de\\\/#\\\/schema\\\/logo\\\/image\\\/\"}},{\"@type\":\"Person\",\"@id\":\"https:\\\/\\\/nnm-brandenburg.de\\\/#\\\/schema\\\/person\\\/dda75919782f3771ae7a590f1a485e01\",\"name\":\"nnm-brandenburg\",\"image\":{\"@type\":\"ImageObject\",\"inLanguage\":\"de\",\"@id\":\"https:\\\/\\\/secure.gravatar.com\\\/avatar\\\/858ac0bd57fdf6c6f3e07e733fd2c7d92ea75b75e4984b37615b0a62b044e513?s=96&d=mm&r=g\",\"url\":\"https:\\\/\\\/secure.gravatar.com\\\/avatar\\\/858ac0bd57fdf6c6f3e07e733fd2c7d92ea75b75e4984b37615b0a62b044e513?s=96&d=mm&r=g\",\"contentUrl\":\"https:\\\/\\\/secure.gravatar.com\\\/avatar\\\/858ac0bd57fdf6c6f3e07e733fd2c7d92ea75b75e4984b37615b0a62b044e513?s=96&d=mm&r=g\",\"caption\":\"nnm-brandenburg\"}}]}<\/script>\n<!-- \/ Yoast SEO plugin. -->","yoast_head_json":{"title":"LandQultour 2023 - netzwerk neue musik brandenburg","robots":{"index":"index","follow":"follow","max-snippet":"max-snippet:-1","max-image-preview":"max-image-preview:large","max-video-preview":"max-video-preview:-1"},"canonical":"https:\/\/nnm-brandenburg.de\/index.php\/2023\/07\/13\/landqultour-2023\/","og_locale":"de_DE","og_type":"article","og_title":"LandQultour 2023 - netzwerk neue musik brandenburg","og_description":"Ensem\u00adble Quil\u00adlo unter\u00adwegs in Brandenburg","og_url":"https:\/\/nnm-brandenburg.de\/index.php\/2023\/07\/13\/landqultour-2023\/","og_site_name":"netzwerk neue musik brandenburg","article_published_time":"2023-07-13T11:16:34+00:00","article_modified_time":"2023-07-13T11:16:38+00:00","og_image":[{"width":999,"height":504,"url":"https:\/\/nnm-brandenburg.de\/wp-content\/uploads\/2020\/02\/Landqultour2019_Anton_Rau_1024x517.jpg","type":"image\/jpeg"}],"author":"nnm-brandenburg","twitter_card":"summary_large_image","twitter_misc":{"Verfasst von":"nnm-brandenburg","Gesch\u00e4tzte Lesezeit":"1\u00a0Minute"},"schema":{"@context":"https:\/\/schema.org","@graph":[{"@type":"Article","@id":"https:\/\/nnm-brandenburg.de\/index.php\/2023\/07\/13\/landqultour-2023\/#article","isPartOf":{"@id":"https:\/\/nnm-brandenburg.de\/index.php\/2023\/07\/13\/landqultour-2023\/"},"author":{"name":"nnm-brandenburg","@id":"https:\/\/nnm-brandenburg.de\/#\/schema\/person\/dda75919782f3771ae7a590f1a485e01"},"headline":"LandQultour 2023","datePublished":"2023-07-13T11:16:34+00:00","dateModified":"2023-07-13T11:16:38+00:00","mainEntityOfPage":{"@id":"https:\/\/nnm-brandenburg.de\/index.php\/2023\/07\/13\/landqultour-2023\/"},"wordCount":135,"publisher":{"@id":"https:\/\/nnm-brandenburg.de\/#organization"},"image":{"@id":"https:\/\/nnm-brandenburg.de\/index.php\/2023\/07\/13\/landqultour-2023\/#primaryimage"},"thumbnailUrl":"https:\/\/nnm-brandenburg.de\/wp-content\/uploads\/2020\/02\/Landqultour2019_Anton_Rau_1024x517.jpg","articleSection":["Slider"],"inLanguage":"de"},{"@type":"WebPage","@id":"https:\/\/nnm-brandenburg.de\/index.php\/2023\/07\/13\/landqultour-2023\/","url":"https:\/\/nnm-brandenburg.de\/index.php\/2023\/07\/13\/landqultour-2023\/","name":"LandQultour 2023 - netzwerk neue musik brandenburg","isPartOf":{"@id":"https:\/\/nnm-brandenburg.de\/#website"},"primaryImageOfPage":{"@id":"https:\/\/nnm-brandenburg.de\/index.php\/2023\/07\/13\/landqultour-2023\/#primaryimage"},"image":{"@id":"https:\/\/nnm-brandenburg.de\/index.php\/2023\/07\/13\/landqultour-2023\/#primaryimage"},"thumbnailUrl":"https:\/\/nnm-brandenburg.de\/wp-content\/uploads\/2020\/02\/Landqultour2019_Anton_Rau_1024x517.jpg","datePublished":"2023-07-13T11:16:34+00:00","dateModified":"2023-07-13T11:16:38+00:00","breadcrumb":{"@id":"https:\/\/nnm-brandenburg.de\/index.php\/2023\/07\/13\/landqultour-2023\/#breadcrumb"},"inLanguage":"de","potentialAction":[{"@type":"ReadAction","target":["https:\/\/nnm-brandenburg.de\/index.php\/2023\/07\/13\/landqultour-2023\/"]}]},{"@type":"ImageObject","inLanguage":"de","@id":"https:\/\/nnm-brandenburg.de\/index.php\/2023\/07\/13\/landqultour-2023\/#primaryimage","url":"https:\/\/nnm-brandenburg.de\/wp-content\/uploads\/2020\/02\/Landqultour2019_Anton_Rau_1024x517.jpg","contentUrl":"https:\/\/nnm-brandenburg.de\/wp-content\/uploads\/2020\/02\/Landqultour2019_Anton_Rau_1024x517.jpg","width":999,"height":504},{"@type":"BreadcrumbList","@id":"https:\/\/nnm-brandenburg.de\/index.php\/2023\/07\/13\/landqultour-2023\/#breadcrumb","itemListElement":[{"@type":"ListItem","position":1,"name":"Startseite","item":"https:\/\/nnm-brandenburg.de\/"},{"@type":"ListItem","position":2,"name":"LandQultour 2023"}]},{"@type":"WebSite","@id":"https:\/\/nnm-brandenburg.de\/#website","url":"https:\/\/nnm-brandenburg.de\/","name":"Netzwerk Neue Musik Brandenburg","description":"Eine Initiative des Landesmusikrates Brandenburg","publisher":{"@id":"https:\/\/nnm-brandenburg.de\/#organization"},"potentialAction":[{"@type":"SearchAction","target":{"@type":"EntryPoint","urlTemplate":"https:\/\/nnm-brandenburg.de\/?s={search_term_string}"},"query-input":{"@type":"PropertyValueSpecification","valueRequired":true,"valueName":"search_term_string"}}],"inLanguage":"de"},{"@type":"Organization","@id":"https:\/\/nnm-brandenburg.de\/#organization","name":"Netzwerk Neue Musik Brandenburg","url":"https:\/\/nnm-brandenburg.de\/","logo":{"@type":"ImageObject","inLanguage":"de","@id":"https:\/\/nnm-brandenburg.de\/#\/schema\/logo\/image\/","url":"https:\/\/nnm-brandenburg.de\/nnm\/wp-content\/uploads\/2020\/02\/lmr_logo_sign_vorn.png","contentUrl":"https:\/\/nnm-brandenburg.de\/nnm\/wp-content\/uploads\/2020\/02\/lmr_logo_sign_vorn.png","width":1920,"height":472,"caption":"Netzwerk Neue Musik Brandenburg"},"image":{"@id":"https:\/\/nnm-brandenburg.de\/#\/schema\/logo\/image\/"}},{"@type":"Person","@id":"https:\/\/nnm-brandenburg.de\/#\/schema\/person\/dda75919782f3771ae7a590f1a485e01","name":"nnm-brandenburg","image":{"@type":"ImageObject","inLanguage":"de","@id":"https:\/\/secure.gravatar.com\/avatar\/858ac0bd57fdf6c6f3e07e733fd2c7d92ea75b75e4984b37615b0a62b044e513?s=96&d=mm&r=g","url":"https:\/\/secure.gravatar.com\/avatar\/858ac0bd57fdf6c6f3e07e733fd2c7d92ea75b75e4984b37615b0a62b044e513?s=96&d=mm&r=g","contentUrl":"https:\/\/secure.gravatar.com\/avatar\/858ac0bd57fdf6c6f3e07e733fd2c7d92ea75b75e4984b37615b0a62b044e513?s=96&d=mm&r=g","caption":"nnm-brandenburg"}}]}},"publishpress_future_action":{"enabled":false,"date":"2026-05-06 23:21:24","action":"change-status","newStatus":"draft","terms":[],"taxonomy":"category","extraData":[]},"publishpress_future_workflow_manual_trigger":{"enabledWorkflows":[]},"_links":{"self":[{"href":"https:\/\/nnm-brandenburg.de\/index.php\/wp-json\/wp\/v2\/posts\/6506","targetHints":{"allow":["GET"]}}],"collection":[{"href":"https:\/\/nnm-brandenburg.de\/index.php\/wp-json\/wp\/v2\/posts"}],"about":[{"href":"https:\/\/nnm-brandenburg.de\/index.php\/wp-json\/wp\/v2\/types\/post"}],"author":[{"embeddable":true,"href":"https:\/\/nnm-brandenburg.de\/index.php\/wp-json\/wp\/v2\/users\/1"}],"replies":[{"embeddable":true,"href":"https:\/\/nnm-brandenburg.de\/index.php\/wp-json\/wp\/v2\/comments?post=6506"}],"version-history":[{"count":2,"href":"https:\/\/nnm-brandenburg.de\/index.php\/wp-json\/wp\/v2\/posts\/6506\/revisions"}],"predecessor-version":[{"id":6508,"href":"https:\/\/nnm-brandenburg.de\/index.php\/wp-json\/wp\/v2\/posts\/6506\/revisions\/6508"}],"wp:featuredmedia":[{"embeddable":true,"href":"https:\/\/nnm-brandenburg.de\/index.php\/wp-json\/wp\/v2\/media\/3336"}],"wp:attachment":[{"href":"https:\/\/nnm-brandenburg.de\/index.php\/wp-json\/wp\/v2\/media?parent=6506"}],"wp:term":[{"taxonomy":"category","embeddable":true,"href":"https:\/\/nnm-brandenburg.de\/index.php\/wp-json\/wp\/v2\/categories?post=6506"},{"taxonomy":"post_tag","embeddable":true,"href":"https:\/\/nnm-brandenburg.de\/index.php\/wp-json\/wp\/v2\/tags?post=6506"}],"curies":[{"name":"wp","href":"https:\/\/api.w.org\/{rel}","templated":true}]}}